{"id":4807,"date":"2019-06-06T13:58:08","date_gmt":"2019-06-06T11:58:08","guid":{"rendered":"https:\/\/adellink.de\/?p=4807"},"modified":"2020-07-14T14:54:09","modified_gmt":"2020-07-14T12:54:09","slug":"trend-braincomputerinterface-die-macht-der-gedanken","status":"publish","type":"post","link":"https:\/\/adellink.de\/en\/trend-braincomputerinterface-die-macht-der-gedanken\/","title":{"rendered":"Trend #BrainComputerInterface: Die Macht der Gedanken"},"content":{"rendered":"<p><\/p>\r\n<p><strong>Flugzeuge, Tablets, Drohnen und Computerspiele mit den Gedanken steuern, Sprachlose zum Sprechen und Gel\u00e4hmte zum Laufen bringen. Was klingt, wie die F\u00e4higkeiten des neuesten X-Men Mutanten, k\u00f6nnte bald Realit\u00e4t werden. Denn mit Brain Computer Interfaces (BCIs) kann der Mensch Maschinen steuern \u2013 ohne auch nur einen Finger zu kr\u00fcmmen.<\/strong><\/p>\r\n<p><\/p>\r\n<p><\/p>\r\n<p><\/p>\r\n<p>Als Interface werden s\u00e4mtliche Schnittstellen bezeichnet, durch die zwei verschiedene Systeme miteinander kommunizieren k\u00f6nnen. So sind beispielsweise die Computermaus oder die Tastatur typische Schnittstellen zwischen Mensch und Computer \u2013 aber genauso sind auch Augen, Sprache und Mimik Interfaces, durch die Menschen in Kontakt mit der Au\u00dfenwelt treten. Es gibt Interfaces also schon immer. Aber was macht BCI dann \u00fcberhaupt so besonders?\u00a0<\/p>\r\n<p><\/p>\r\n<p><\/p>\r\n<p>Grundlegend senden die Nervenzellen des Gehirns, die sogenannten Neuronen, bei jeder Aktivit\u00e4t elektrische Signale. Denken wir \u00fcber etwas nach, ist das also elektrisch messbar. Was und wer wir sind ist demnach das Ergebnis der Zusammensetzung unserer Neuronen. Genau an dieser Stelle setzen BCIs an, denn sie k\u00f6nnen durch eine Elektrodenkappe auf diese Gehirnstr\u00f6me reagieren. Der Mensch muss also nicht mehr die abertausenden komplexen Gedanken seines Gehirns in einen Klick auf der Maus zentrieren, um dem Computer zu sagen, was er zu tun hat, sondern diese k\u00f6nnen \u2013 ohne \u00dcbersetzung \u2013 direkt weitergegeben und umgesetzt werden. Durchschnittlich 60.000 Gedanken haben wir allein an einem Tag \u2013 wir k\u00f6nnen uns also vorstellen, wie die Finger brennen w\u00fcrden, wenn wir jeden dieser Gedanken per Tastatur dem Computer mitteilen m\u00fcssten.\u00a0<\/p>\r\n<p><\/p>\r\n<p><\/p>\r\n<p><strong>Aktuelle Forschung\u00a0<\/strong><\/p>\r\n<p><\/p>\r\n<p><\/p>\r\n<p>Da es die einzige Form der Kommunikation ist, f\u00fcr die keine Muskelkraft aufgewendet werden muss, wurden BCIs bisher gr\u00f6\u00dftenteils in der medizinischen Forschung untersucht. So hat ein kalifornisches Forscherteam bereits Beinprothesen entwickelt, die durch reine Vorstellungskraft geistig gesteuert werden k\u00f6nnen.<\/p>\r\n<p><\/p>\r\n<p><\/p>\r\n<div class=\"wp-block-columns has-2-columns is-layout-flex wp-container-core-columns-is-layout-9d6595d7 wp-block-columns-is-layout-flex\">\r\n<div class=\"wp-block-column is-layout-flow wp-block-column-is-layout-flow\">\r\n<figure class=\"wp-block-image\"><img decoding=\"async\" class=\"wp-image-4809\" src=\"https:\/\/adellink.de\/wordpress\/wp-content\/uploads\/2019\/05\/banter-snaps-269935-unsplash-Kopie-1024x576.jpg\" alt=\"\" \/><\/figure>\r\n<p><\/p>\r\n<\/div>\r\n<p><\/p>\r\n<p><\/p>\r\n<div class=\"wp-block-column is-layout-flow wp-block-column-is-layout-flow\">\r\n<p>Dadurch k\u00f6nnen nun auch Menschen mit k\u00f6rperlicher Behinderung in Wettk\u00e4mpfen gegeneinander antreten: Bei \u201eCybathlons\u201c k\u00f6nnen sie virtuelle Rennen per Gedankensteuerung fahren oder Geschicklichkeits- und Hindernisparcours mit Prothesen bew\u00e4ltigen. Dabei wird die Konzentration der Schl\u00fcssel zum Erfolg: Derjenige, der sich am besten konzentriert, gewinnt.<\/p>\r\n<p><\/p>\r\n<\/div>\r\n<p><\/p>\r\n<\/div>\r\n<p><\/p>\r\n<p><\/p>\r\n<p>Dieses Potential haben auch die Luftfahrt und die Computerspielindustrie erkannt. Das europ\u00e4ische Forschungsprojekt \u201e<a href=\"http:\/\/brainflight.org\" target=\"_blank\" rel=\"noreferrer noopener\">Brainflight<\/a>\u201c bringt Drohnen per Gedankenkraft zum Fliegen und die Computerspielindustrie hat bereits Spiele entworfen, die f\u00fcr ein au\u00dfergew\u00f6hnliches Spielerlebnis auf die Gef\u00fchle der Nutzer reagieren: \u00c4u\u00dfert sich Langeweile, kann das Schwierigkeitslevel angehoben werden; wird der Spieler frustriert, kann ihm das System einen Tipp geben, wie er weiterkommt.<\/p>\r\n<p><\/p>\r\n<p><\/p>\r\n<p><strong>BCI in der Arbeitswelt\u00a0<\/strong><\/p>\r\n<p><\/p>\r\n<p><\/p>\r\n<p>Nie mehr Frust, Langeweile oder Stress? Das klingt doch nach einem optimalen Arbeitstag, dachte sich Jai Menon, Leiter von Dells Forschungs- und Entwicklungsabteilung. In seiner Vorstellung wird dem Mitarbeiter bei M\u00fcdigkeit eine Pause vorgeschlagen, ist der Arbeiter konzentriert, werden seine Anrufe automatisch weitergeleitet. Aber: Wenn Gef\u00fchle gemessen werden k\u00f6nnen, wird dann nicht auch erfasst, dass wir unkonzentriert sind, weil wir am Abend zuvor doch ein wenig zu tief ins Glas geschaut haben? Der Stress mit dem Partner? Wollen wir, dass unser Arbeitgeber das wei\u00df?<\/p>\r\n<p><\/p>\r\n<p><\/p>\r\n<p>Da die Systeme nicht zwischen Gef\u00fchlen unterscheiden, k\u00f6nnen diese tats\u00e4chlich auch zur Beobachtung und \u00dcberwachung eingesetzt werden. Gro\u00dfe Firmen, wie Google oder Facebook, k\u00f6nnten die Hirndaten au\u00dferdem daf\u00fcr verwenden, den Nutzern perfekt zugeschnittene Produktwerbung zuzuspielen. Brauchen wir also demn\u00e4chst einen Adblocker f\u00fcr unser Gehirn? Und k\u00f6nnen die Maschinen auch einen Einfluss auf uns haben?<\/p>\r\n<p><\/p>\r\n<p><\/p>\r\n<p>Die Steuerung eines Menschen durch die Gedankenkraft eines anderen wurde tats\u00e4chlich schon untersucht: Und siehe da \u2013 es hat funktioniert! Der Informatiker Rajesh Rao konnte durch seine Gedankenkraft <a href=\"https:\/\/www.youtube.com\/watch?v=rNRDc714W5I\" target=\"_blank\" rel=\"noreferrer noopener\">seinen Kollegen Andrea Stocco dazu bringen, ein Computerspiel zu bedienen<\/a>.<\/p>\r\n<p><\/p>\r\n<p><\/p>\r\n<div class=\"wp-block-columns has-2-columns is-layout-flex wp-container-core-columns-is-layout-9d6595d7 wp-block-columns-is-layout-flex\">\r\n<div class=\"wp-block-column is-layout-flow wp-block-column-is-layout-flow\">\r\n<p><strong>Die Verschmelzung von Mensch und Maschine\u00a0<\/strong><\/p>\r\n<p><\/p>\r\n<p><\/p>\r\n<p>Klingt gruselig? Das sieht Elon Musk anders. F\u00fcr ihn f\u00fchrt BCI zu ewiger Jugend und Unsterblichkeit. Mit \u201e<a href=\"https:\/\/www.neuralink.com\" target=\"_blank\" rel=\"noreferrer noopener\" aria-label=\"Neuralink (\u00f6ffnet in neuem Tab)\">Neuralink<\/a>\u201c will er Menschen dazu verhelfen \u00fcbermenschliche Kognitionsf\u00e4higkeiten zu erlangen, um mit k\u00fcnstlicher Intelligenz mitzuhalten und im besten Fall sogar mit ihr zu verschmelzen.\u00a0Dazu m\u00f6chte er eine dritte Schicht in das menschliche Gehirn implementieren, die aus einer k\u00fcnstlichen Intelligenz besteht. Unser Wissen und Erinnerungsverm\u00f6gen wird dadurch unbegrenzt, unser Gehirn umstrukturiert und konditioniert: Wollen wir gl\u00fccklich sein, werden wir unserem Gehirn befehlen gl\u00fccklich zu sein. Altert das biologische Ich, wird einfach ein neues geladen \u2013 und wem das noch nicht abgespaced genug ist, kann sich auch <a href=\"https:\/\/www.youtube.com\/watch?v=lAJkDrBCA6k\" target=\"_blank\" rel=\"noreferrer noopener\" aria-label=\"Ray Kurzweils Visionen (\u00f6ffnet in neuem Tab)\">Ray Kurzweils Visionen<\/a> anschauen.<\/p>\r\n<p><\/p>\r\n<\/div>\r\n<p><\/p>\r\n<p><\/p>\r\n<div class=\"wp-block-column is-layout-flow wp-block-column-is-layout-flow\">\r\n<figure class=\"wp-block-image\"><img decoding=\"async\" class=\"wp-image-4820\" src=\"https:\/\/adellink.de\/wordpress\/wp-content\/uploads\/2019\/05\/franck-v-517860-unsplash-Kopie-2-768x1024.jpg\" alt=\"\" \/><\/figure>\r\n<p><\/p>\r\n<\/div>\r\n<p><\/p>\r\n<\/div>\r\n<p><\/p>\r\n<p><\/p>\r\n<p><strong>Ein Fazit zur menschlichen Identit\u00e4t\u00a0<\/strong><\/p>\r\n<p><\/p>\r\n<p><\/p>\r\n<p>Mit k\u00fcnstlicher Intelligenz verschmelzen? Was macht die menschliche Identit\u00e4t dann \u00fcberhaupt noch aus? Wir sollten, bevor wir Maschinen die Macht \u00fcber unsere Gedanken geben, dar\u00fcber nachdenken, welchen Preis wir daf\u00fcr bezahlen. Daf\u00fcr m\u00fcssen wir uns selbst und unseren Werten bewusst werden: Empathie, Liebe, Verst\u00e4ndnis, Schuld, Gewissen\u2026 all die Werte, die uns ein Leben miteinander erm\u00f6glichen, ergeben auf einer einfachen Kosten-Nutzen-Rechnung einer Maschine keinerlei Sinn.\u00a0<\/p>\r\n<p><\/p>\r\n<p><\/p>\r\n<p>Und nein, Moral und Ethik k\u00f6nnen nicht programmiert werden. Wird die k\u00fcnstliche Intelligenz somit aus Egoismus unsere Werte nach und nach l\u00f6schen? Ist das also wirklich der Preis, den wir zahlen wollen, nur um die Waschmaschine vom Sofa aus zu steuern oder den n\u00e4chsten Blogpost schreiben zu k\u00f6nnen, ohne unsere Finger bewegen zu m\u00fcssen?\u00a0<\/p>\r\n<p><\/p>\r\n<p><\/p>\r\n<p>Die Vergangenheit zeigt allerdings, dass schon oft ethische Fragen zur Digitalisierung gestellt wurden \u2013 Handys die mith\u00f6ren, Alexa, die alle Gewohnheiten kennt, Datenangaben im Internet \u2013 alles keine neuen Diskussionen. Aus Bequemlichkeit wirft der Mensch also schnell mal Datenschutz und Privatsph\u00e4re \u00fcber Bord \u2013 aber werden wir das auch mit unserer Identit\u00e4t tun?\u00a0<\/p>\r\n<p><\/p>\r\n<p><\/p>\r\n<figure class=\"wp-block-image\"><img decoding=\"async\" class=\"wp-image-4846\" src=\"https:\/\/adellink.de\/wordpress\/wp-content\/uploads\/2019\/05\/franck-v-516603-unsplash-Kopie-1-1024x768.jpg\" alt=\"\" \/><\/figure>\r\n<p><\/p>\r\n<p><\/p>\r\n<p>Text: Laura Fischbach<\/p>\r\n<p><\/p>\r\n<p><\/p>\r\n<p>&nbsp;<\/p>\r\n<p><\/p>\r\n<p><\/p>\r\n<p>&nbsp;<\/p>\r\n<p><\/p>","protected":false},"excerpt":{"rendered":"<p>Flugzeuge, Tablets, Drohnen und Computerspiele mit den Gedanken steuern, Sprachlose zum Sprechen und Gel\u00e4hmte zum Laufen bringen. Was klingt, wie die F\u00e4higkeiten des neuesten X-Men Mutanten, k\u00f6nnte bald Realit\u00e4t werden. Denn mit Brain Computer Interfaces (BCIs) kann der Mensch Maschinen steuern \u2013 ohne auch nur&#8230;<\/p>\n","protected":false},"author":4,"featured_media":5561,"comment_status":"closed","ping_status":"closed","sticky":false,"template":"","format":"standard","meta":{"_monsterinsights_skip_tracking":false,"_monsterinsights_sitenote_active":false,"_monsterinsights_sitenote_note":"","_monsterinsights_sitenote_category":0,"footnotes":""},"categories":[1],"tags":[],"class_list":["post-4807","post","type-post","status-publish","format-standard","has-post-thumbnail","hentry","category-blog"],"translation":{"provider":"WPGlobus","version":"3.0.2","language":"en","enabled_languages":["de","en"],"languages":{"de":{"title":true,"content":true,"excerpt":false},"en":{"title":false,"content":false,"excerpt":false}}},"yoast_head":"<!-- This site is optimized with the Yoast SEO plugin v27.4 - https:\/\/yoast.com\/product\/yoast-seo-wordpress\/ -->\n<title>Trend #BrainComputerInterface: Die Macht der Gedanken | Adel &amp; Link Public Relations<\/title>\n<meta name=\"robots\" content=\"index, follow, max-snippet:-1, max-image-preview:large, max-video-preview:-1\" \/>\n<link rel=\"canonical\" href=\"https:\/\/adellink.de\/trend-braincomputerinterface-die-macht-der-gedanken\/\" \/>\n<meta property=\"og:locale\" content=\"en_US\" \/>\n<meta property=\"og:type\" content=\"article\" \/>\n<meta property=\"og:title\" content=\"Trend #BrainComputerInterface: Die Macht der Gedanken | Adel &amp; Link Public Relations\" \/>\n<meta property=\"og:url\" content=\"https:\/\/adellink.de\/trend-braincomputerinterface-die-macht-der-gedanken\/\" \/>\n<meta property=\"og:site_name\" content=\"Adel &amp; Link Public Relations\" \/>\n<meta property=\"article:publisher\" content=\"https:\/\/www.facebook.com\/adellinkpr\/\" \/>\n<meta property=\"article:published_time\" content=\"2019-06-06T11:58:08+00:00\" \/>\n<meta property=\"article:modified_time\" content=\"2020-07-14T12:54:09+00:00\" \/>\n<meta property=\"og:image\" content=\"https:\/\/adellink.de\/wp-content\/uploads\/2019\/06\/image.png\" \/>\n\t<meta property=\"og:image:width\" content=\"900\" \/>\n\t<meta property=\"og:image:height\" content=\"596\" \/>\n\t<meta property=\"og:image:type\" content=\"image\/png\" \/>\n<meta name=\"author\" content=\"TEAM\" \/>\n<meta name=\"twitter:card\" content=\"summary_large_image\" \/>\n<meta name=\"twitter:creator\" content=\"@adellinkpr\" \/>\n<meta name=\"twitter:site\" content=\"@adellinkpr\" \/>\n<meta name=\"twitter:label1\" content=\"Written by\" \/>\n\t<meta name=\"twitter:data1\" content=\"TEAM\" \/>\n\t<meta name=\"twitter:label2\" content=\"Est. reading time\" \/>\n\t<meta name=\"twitter:data2\" content=\"5 minutes\" \/>\n<script type=\"application\/ld+json\" class=\"yoast-schema-graph\">{\"@context\":\"https:\\\/\\\/schema.org\",\"@graph\":[{\"@type\":\"Article\",\"@id\":\"https:\\\/\\\/adellink.de\\\/trend-braincomputerinterface-die-macht-der-gedanken\\\/#article\",\"isPartOf\":{\"@id\":\"https:\\\/\\\/adellink.de\\\/trend-braincomputerinterface-die-macht-der-gedanken\\\/\"},\"author\":{\"name\":\"TEAM\",\"@id\":\"https:\\\/\\\/adellink.de\\\/en\\\/#\\\/schema\\\/person\\\/47c0224bd634dbdeed46f4b0df21c2c7\"},\"headline\":\"Trend #BrainComputerInterface: Die Macht der Gedanken\",\"datePublished\":\"2019-06-06T11:58:08+00:00\",\"dateModified\":\"2020-07-14T12:54:09+00:00\",\"mainEntityOfPage\":{\"@id\":\"https:\\\/\\\/adellink.de\\\/trend-braincomputerinterface-die-macht-der-gedanken\\\/\"},\"wordCount\":921,\"publisher\":{\"@id\":\"https:\\\/\\\/adellink.de\\\/en\\\/#organization\"},\"image\":{\"@id\":\"https:\\\/\\\/adellink.de\\\/trend-braincomputerinterface-die-macht-der-gedanken\\\/#primaryimage\"},\"thumbnailUrl\":\"https:\\\/\\\/adellink.de\\\/wp-content\\\/uploads\\\/2019\\\/06\\\/image.png\",\"articleSection\":[\"Blog\"],\"inLanguage\":\"en-US\"},{\"@type\":\"WebPage\",\"@id\":\"https:\\\/\\\/adellink.de\\\/trend-braincomputerinterface-die-macht-der-gedanken\\\/\",\"url\":\"https:\\\/\\\/adellink.de\\\/trend-braincomputerinterface-die-macht-der-gedanken\\\/\",\"name\":\"Trend #BrainComputerInterface: Die Macht der Gedanken | Adel &amp; Link Public Relations\",\"isPartOf\":{\"@id\":\"https:\\\/\\\/adellink.de\\\/en\\\/#website\"},\"primaryImageOfPage\":{\"@id\":\"https:\\\/\\\/adellink.de\\\/trend-braincomputerinterface-die-macht-der-gedanken\\\/#primaryimage\"},\"image\":{\"@id\":\"https:\\\/\\\/adellink.de\\\/trend-braincomputerinterface-die-macht-der-gedanken\\\/#primaryimage\"},\"thumbnailUrl\":\"https:\\\/\\\/adellink.de\\\/wp-content\\\/uploads\\\/2019\\\/06\\\/image.png\",\"datePublished\":\"2019-06-06T11:58:08+00:00\",\"dateModified\":\"2020-07-14T12:54:09+00:00\",\"breadcrumb\":{\"@id\":\"https:\\\/\\\/adellink.de\\\/trend-braincomputerinterface-die-macht-der-gedanken\\\/#breadcrumb\"},\"inLanguage\":\"en-US\",\"potentialAction\":[{\"@type\":\"ReadAction\",\"target\":[\"https:\\\/\\\/adellink.de\\\/trend-braincomputerinterface-die-macht-der-gedanken\\\/\"]}]},{\"@type\":\"ImageObject\",\"inLanguage\":\"en-US\",\"@id\":\"https:\\\/\\\/adellink.de\\\/trend-braincomputerinterface-die-macht-der-gedanken\\\/#primaryimage\",\"url\":\"https:\\\/\\\/adellink.de\\\/wp-content\\\/uploads\\\/2019\\\/06\\\/image.png\",\"contentUrl\":\"https:\\\/\\\/adellink.de\\\/wp-content\\\/uploads\\\/2019\\\/06\\\/image.png\",\"width\":900,\"height\":596},{\"@type\":\"BreadcrumbList\",\"@id\":\"https:\\\/\\\/adellink.de\\\/trend-braincomputerinterface-die-macht-der-gedanken\\\/#breadcrumb\",\"itemListElement\":[{\"@type\":\"ListItem\",\"position\":1,\"name\":\"Startseite\",\"item\":\"https:\\\/\\\/adellink.de\\\/\"},{\"@type\":\"ListItem\",\"position\":2,\"name\":\"Trend #BrainComputerInterface: Die Macht der Gedanken\"}]},{\"@type\":\"WebSite\",\"@id\":\"https:\\\/\\\/adellink.de\\\/en\\\/#website\",\"url\":\"https:\\\/\\\/adellink.de\\\/en\\\/\",\"name\":\"Adel & Link Public Relations\",\"description\":\"\",\"publisher\":{\"@id\":\"https:\\\/\\\/adellink.de\\\/en\\\/#organization\"},\"potentialAction\":[{\"@type\":\"SearchAction\",\"target\":{\"@type\":\"EntryPoint\",\"urlTemplate\":\"https:\\\/\\\/adellink.de\\\/en\\\/?s={search_term_string}\"},\"query-input\":{\"@type\":\"PropertyValueSpecification\",\"valueRequired\":true,\"valueName\":\"search_term_string\"}}],\"inLanguage\":\"en-US\"},{\"@type\":\"Organization\",\"@id\":\"https:\\\/\\\/adellink.de\\\/en\\\/#organization\",\"name\":\"Adel&Link Public Relations\",\"url\":\"https:\\\/\\\/adellink.de\\\/en\\\/\",\"logo\":{\"@type\":\"ImageObject\",\"inLanguage\":\"en-US\",\"@id\":\"https:\\\/\\\/adellink.de\\\/en\\\/#\\\/schema\\\/logo\\\/image\\\/\",\"url\":\"https:\\\/\\\/adellink.de\\\/wp-content\\\/uploads\\\/2020\\\/09\\\/2019_al_logo_BK_300px.png\",\"contentUrl\":\"https:\\\/\\\/adellink.de\\\/wp-content\\\/uploads\\\/2020\\\/09\\\/2019_al_logo_BK_300px.png\",\"width\":1251,\"height\":376,\"caption\":\"Adel&Link Public Relations\"},\"image\":{\"@id\":\"https:\\\/\\\/adellink.de\\\/en\\\/#\\\/schema\\\/logo\\\/image\\\/\"},\"sameAs\":[\"https:\\\/\\\/www.facebook.com\\\/adellinkpr\\\/\",\"https:\\\/\\\/x.com\\\/adellinkpr\",\"https:\\\/\\\/www.instagram.com\\\/adellinkpr\\\/?hl=de\",\"https:\\\/\\\/www.linkedin.com\\\/company\\\/adel-&amp;-link-public-relations\\\/?originalSubdomain=de\"]},{\"@type\":\"Person\",\"@id\":\"https:\\\/\\\/adellink.de\\\/en\\\/#\\\/schema\\\/person\\\/47c0224bd634dbdeed46f4b0df21c2c7\",\"name\":\"TEAM\",\"image\":{\"@type\":\"ImageObject\",\"inLanguage\":\"en-US\",\"@id\":\"https:\\\/\\\/secure.gravatar.com\\\/avatar\\\/c8732322cf4ab0a0490c34da7c1fad53076f9a8e7b1ee6e252b429bdaca587b7?s=96&d=mm&r=g\",\"url\":\"https:\\\/\\\/secure.gravatar.com\\\/avatar\\\/c8732322cf4ab0a0490c34da7c1fad53076f9a8e7b1ee6e252b429bdaca587b7?s=96&d=mm&r=g\",\"contentUrl\":\"https:\\\/\\\/secure.gravatar.com\\\/avatar\\\/c8732322cf4ab0a0490c34da7c1fad53076f9a8e7b1ee6e252b429bdaca587b7?s=96&d=mm&r=g\",\"caption\":\"TEAM\"},\"url\":\"https:\\\/\\\/adellink.de\\\/en\\\/author\\\/team\\\/\"}]}<\/script>\n<!-- \/ Yoast SEO plugin. -->","yoast_head_json":{"title":"Trend #BrainComputerInterface: Die Macht der Gedanken | Adel &amp; Link Public Relations","robots":{"index":"index","follow":"follow","max-snippet":"max-snippet:-1","max-image-preview":"max-image-preview:large","max-video-preview":"max-video-preview:-1"},"canonical":"https:\/\/adellink.de\/trend-braincomputerinterface-die-macht-der-gedanken\/","og_locale":"en_US","og_type":"article","og_title":"Trend #BrainComputerInterface: Die Macht der Gedanken | Adel &amp; Link Public Relations","og_url":"https:\/\/adellink.de\/trend-braincomputerinterface-die-macht-der-gedanken\/","og_site_name":"Adel &amp; Link Public Relations","article_publisher":"https:\/\/www.facebook.com\/adellinkpr\/","article_published_time":"2019-06-06T11:58:08+00:00","article_modified_time":"2020-07-14T12:54:09+00:00","og_image":[{"width":900,"height":596,"url":"https:\/\/adellink.de\/wp-content\/uploads\/2019\/06\/image.png","type":"image\/png"}],"author":"TEAM","twitter_card":"summary_large_image","twitter_creator":"@adellinkpr","twitter_site":"@adellinkpr","twitter_misc":{"Written by":"TEAM","Est. reading time":"5 minutes"},"schema":{"@context":"https:\/\/schema.org","@graph":[{"@type":"Article","@id":"https:\/\/adellink.de\/trend-braincomputerinterface-die-macht-der-gedanken\/#article","isPartOf":{"@id":"https:\/\/adellink.de\/trend-braincomputerinterface-die-macht-der-gedanken\/"},"author":{"name":"TEAM","@id":"https:\/\/adellink.de\/en\/#\/schema\/person\/47c0224bd634dbdeed46f4b0df21c2c7"},"headline":"Trend #BrainComputerInterface: Die Macht der Gedanken","datePublished":"2019-06-06T11:58:08+00:00","dateModified":"2020-07-14T12:54:09+00:00","mainEntityOfPage":{"@id":"https:\/\/adellink.de\/trend-braincomputerinterface-die-macht-der-gedanken\/"},"wordCount":921,"publisher":{"@id":"https:\/\/adellink.de\/en\/#organization"},"image":{"@id":"https:\/\/adellink.de\/trend-braincomputerinterface-die-macht-der-gedanken\/#primaryimage"},"thumbnailUrl":"https:\/\/adellink.de\/wp-content\/uploads\/2019\/06\/image.png","articleSection":["Blog"],"inLanguage":"en-US"},{"@type":"WebPage","@id":"https:\/\/adellink.de\/trend-braincomputerinterface-die-macht-der-gedanken\/","url":"https:\/\/adellink.de\/trend-braincomputerinterface-die-macht-der-gedanken\/","name":"Trend #BrainComputerInterface: Die Macht der Gedanken | Adel &amp; Link Public Relations","isPartOf":{"@id":"https:\/\/adellink.de\/en\/#website"},"primaryImageOfPage":{"@id":"https:\/\/adellink.de\/trend-braincomputerinterface-die-macht-der-gedanken\/#primaryimage"},"image":{"@id":"https:\/\/adellink.de\/trend-braincomputerinterface-die-macht-der-gedanken\/#primaryimage"},"thumbnailUrl":"https:\/\/adellink.de\/wp-content\/uploads\/2019\/06\/image.png","datePublished":"2019-06-06T11:58:08+00:00","dateModified":"2020-07-14T12:54:09+00:00","breadcrumb":{"@id":"https:\/\/adellink.de\/trend-braincomputerinterface-die-macht-der-gedanken\/#breadcrumb"},"inLanguage":"en-US","potentialAction":[{"@type":"ReadAction","target":["https:\/\/adellink.de\/trend-braincomputerinterface-die-macht-der-gedanken\/"]}]},{"@type":"ImageObject","inLanguage":"en-US","@id":"https:\/\/adellink.de\/trend-braincomputerinterface-die-macht-der-gedanken\/#primaryimage","url":"https:\/\/adellink.de\/wp-content\/uploads\/2019\/06\/image.png","contentUrl":"https:\/\/adellink.de\/wp-content\/uploads\/2019\/06\/image.png","width":900,"height":596},{"@type":"BreadcrumbList","@id":"https:\/\/adellink.de\/trend-braincomputerinterface-die-macht-der-gedanken\/#breadcrumb","itemListElement":[{"@type":"ListItem","position":1,"name":"Startseite","item":"https:\/\/adellink.de\/"},{"@type":"ListItem","position":2,"name":"Trend #BrainComputerInterface: Die Macht der Gedanken"}]},{"@type":"WebSite","@id":"https:\/\/adellink.de\/en\/#website","url":"https:\/\/adellink.de\/en\/","name":"Adel & Link Public Relations","description":"","publisher":{"@id":"https:\/\/adellink.de\/en\/#organization"},"potentialAction":[{"@type":"SearchAction","target":{"@type":"EntryPoint","urlTemplate":"https:\/\/adellink.de\/en\/?s={search_term_string}"},"query-input":{"@type":"PropertyValueSpecification","valueRequired":true,"valueName":"search_term_string"}}],"inLanguage":"en-US"},{"@type":"Organization","@id":"https:\/\/adellink.de\/en\/#organization","name":"Adel&Link Public Relations","url":"https:\/\/adellink.de\/en\/","logo":{"@type":"ImageObject","inLanguage":"en-US","@id":"https:\/\/adellink.de\/en\/#\/schema\/logo\/image\/","url":"https:\/\/adellink.de\/wp-content\/uploads\/2020\/09\/2019_al_logo_BK_300px.png","contentUrl":"https:\/\/adellink.de\/wp-content\/uploads\/2020\/09\/2019_al_logo_BK_300px.png","width":1251,"height":376,"caption":"Adel&Link Public Relations"},"image":{"@id":"https:\/\/adellink.de\/en\/#\/schema\/logo\/image\/"},"sameAs":["https:\/\/www.facebook.com\/adellinkpr\/","https:\/\/x.com\/adellinkpr","https:\/\/www.instagram.com\/adellinkpr\/?hl=de","https:\/\/www.linkedin.com\/company\/adel-&amp;-link-public-relations\/?originalSubdomain=de"]},{"@type":"Person","@id":"https:\/\/adellink.de\/en\/#\/schema\/person\/47c0224bd634dbdeed46f4b0df21c2c7","name":"TEAM","image":{"@type":"ImageObject","inLanguage":"en-US","@id":"https:\/\/secure.gravatar.com\/avatar\/c8732322cf4ab0a0490c34da7c1fad53076f9a8e7b1ee6e252b429bdaca587b7?s=96&d=mm&r=g","url":"https:\/\/secure.gravatar.com\/avatar\/c8732322cf4ab0a0490c34da7c1fad53076f9a8e7b1ee6e252b429bdaca587b7?s=96&d=mm&r=g","contentUrl":"https:\/\/secure.gravatar.com\/avatar\/c8732322cf4ab0a0490c34da7c1fad53076f9a8e7b1ee6e252b429bdaca587b7?s=96&d=mm&r=g","caption":"TEAM"},"url":"https:\/\/adellink.de\/en\/author\/team\/"}]}},"_links":{"self":[{"href":"https:\/\/adellink.de\/en\/wp-json\/wp\/v2\/posts\/4807","targetHints":{"allow":["GET"]}}],"collection":[{"href":"https:\/\/adellink.de\/en\/wp-json\/wp\/v2\/posts"}],"about":[{"href":"https:\/\/adellink.de\/en\/wp-json\/wp\/v2\/types\/post"}],"author":[{"embeddable":true,"href":"https:\/\/adellink.de\/en\/wp-json\/wp\/v2\/users\/4"}],"replies":[{"embeddable":true,"href":"https:\/\/adellink.de\/en\/wp-json\/wp\/v2\/comments?post=4807"}],"version-history":[{"count":2,"href":"https:\/\/adellink.de\/en\/wp-json\/wp\/v2\/posts\/4807\/revisions"}],"predecessor-version":[{"id":5560,"href":"https:\/\/adellink.de\/en\/wp-json\/wp\/v2\/posts\/4807\/revisions\/5560"}],"wp:featuredmedia":[{"embeddable":true,"href":"https:\/\/adellink.de\/en\/wp-json\/wp\/v2\/media\/5561"}],"wp:attachment":[{"href":"https:\/\/adellink.de\/en\/wp-json\/wp\/v2\/media?parent=4807"}],"wp:term":[{"taxonomy":"category","embeddable":true,"href":"https:\/\/adellink.de\/en\/wp-json\/wp\/v2\/categories?post=4807"},{"taxonomy":"post_tag","embeddable":true,"href":"https:\/\/adellink.de\/en\/wp-json\/wp\/v2\/tags?post=4807"}],"curies":[{"name":"wp","href":"https:\/\/api.w.org\/{rel}","templated":true}]}}