{"id":8047,"date":"2024-03-14T10:19:48","date_gmt":"2024-03-14T09:19:48","guid":{"rendered":"https:\/\/adellink.de\/?p=8047"},"modified":"2024-03-14T12:35:47","modified_gmt":"2024-03-14T11:35:47","slug":"about-time-zeit-ist-trend","status":"publish","type":"post","link":"https:\/\/adellink.de\/en\/about-time-zeit-ist-trend\/","title":{"rendered":"About Time \u2013 Zeitgeist ist Trend"},"content":{"rendered":"<h4>Die eigene Zeit m\u00f6glichst sinnvoll nutzen \u2013 was hei\u00dft das eigentlich? F\u00fcr unseren Trend <a href=\"https:\/\/adellink.de\/trends\/\" target=\"_blank\" rel=\"noopener\">About Time<\/a> hinterfragt Autorin Laura unser Verst\u00e4ndnis von Zeit.<\/h4>\n<p><!--more--><\/p>\n<div id=\"attachment_8049\" style=\"width: 470px\" class=\"wp-caption alignright\"><img loading=\"lazy\" decoding=\"async\" aria-describedby=\"caption-attachment-8049\" class=\"wp-image-8049\" src=\"https:\/\/adellink.de\/wp-content\/uploads\/2024\/03\/abdul-a-CxRBtNe243k-unsplash-1024x576.jpg\" alt=\"Ein gr\u00fcner Wecker zeigt halb drei.\" width=\"460\" height=\"259\" srcset=\"https:\/\/adellink.de\/wp-content\/uploads\/2024\/03\/abdul-a-CxRBtNe243k-unsplash-1024x576.jpg 1024w, https:\/\/adellink.de\/wp-content\/uploads\/2024\/03\/abdul-a-CxRBtNe243k-unsplash-300x169.jpg 300w, https:\/\/adellink.de\/wp-content\/uploads\/2024\/03\/abdul-a-CxRBtNe243k-unsplash-768x432.jpg 768w, https:\/\/adellink.de\/wp-content\/uploads\/2024\/03\/abdul-a-CxRBtNe243k-unsplash-1536x864.jpg 1536w, https:\/\/adellink.de\/wp-content\/uploads\/2024\/03\/abdul-a-CxRBtNe243k-unsplash-2048x1152.jpg 2048w, https:\/\/adellink.de\/wp-content\/uploads\/2024\/03\/abdul-a-CxRBtNe243k-unsplash-700x394.jpg 700w, https:\/\/adellink.de\/wp-content\/uploads\/2024\/03\/abdul-a-CxRBtNe243k-unsplash-539x303.jpg 539w\" sizes=\"auto, (max-width: 460px) 100vw, 460px\" \/><p id=\"caption-attachment-8049\" class=\"wp-caption-text\"><strong>Zeitmanagement ist ein wertvolles Werkzeug gegen die allt\u00e4gliche \u00dcberforderung.<\/strong><\/p><\/div>\n<p><span style=\"font-weight: 400;\">Immer wieder ertappe ich mich bei der Frage, ob ich meine Zeit sinnvoll verbringe. Kaum entspanne ich vor dem Fernseher, bringen mich die Nachrichten auf die Idee, meine Zeit besser zu nutzen. Auf der Klimademo wandern die Gedanken zu unerledigten Haushaltsaufgaben. Beim Abwasch gelobe ich, mich mehr zu bewegen, und schlie\u00dflich lassen mich beim Yoga die Deadlines der Arbeit nicht los.\u00a0<\/span><\/p>\n<p><span style=\"font-weight: 400;\">W\u00e4re es nicht viel einfacher, wenn ich mein Tun nicht daran messen w\u00fcrde, was gerade am sinnvollsten w\u00e4re? So wie mir geht es vermutlich den meisten Menschen, die in unserer Leistungsgesellschaft leben. Doch vielleicht sind wir nun endlich so weit, aus anderen Blickwinkeln \u00fcber unser Verst\u00e4ndnis von Zeit sprechen: Care-Arbeit, Vier-Tage-Woche, Mental Health, Produktivit\u00e4tssteigerung oder generative KI \u2013 alles Themen, die irgendwie mit unserer eigenen Zeit zusammenh\u00e4ngen.<\/span><\/p>\n<div id=\"attachment_8048\" style=\"width: 258px\" class=\"wp-caption alignleft\"><img loading=\"lazy\" decoding=\"async\" aria-describedby=\"caption-attachment-8048\" class=\"wp-image-8048\" src=\"https:\/\/adellink.de\/wp-content\/uploads\/2024\/03\/9783550201721-627x1024.jpg\" alt=\"Ein Buchcover mit pinker Schrift und SPIEGEL Bestseller Aufkleber.\" width=\"248\" height=\"405\" srcset=\"https:\/\/adellink.de\/wp-content\/uploads\/2024\/03\/9783550201721-627x1024.jpg 627w, https:\/\/adellink.de\/wp-content\/uploads\/2024\/03\/9783550201721-184x300.jpg 184w, https:\/\/adellink.de\/wp-content\/uploads\/2024\/03\/9783550201721-768x1254.jpg 768w, https:\/\/adellink.de\/wp-content\/uploads\/2024\/03\/9783550201721-941x1536.jpg 941w, https:\/\/adellink.de\/wp-content\/uploads\/2024\/03\/9783550201721-1254x2048.jpg 1254w, https:\/\/adellink.de\/wp-content\/uploads\/2024\/03\/9783550201721-700x1143.jpg 700w, https:\/\/adellink.de\/wp-content\/uploads\/2024\/03\/9783550201721-scaled.jpg 1568w\" sizes=\"auto, (max-width: 248px) 100vw, 248px\" \/><p id=\"caption-attachment-8048\" class=\"wp-caption-text\"><strong>Der Bestseller von Teresa B\u00fccker identifiziert Zeitgerechtigkeit als zentrale Frage von Gleichberechtigung.<\/strong><\/p><\/div>\n<p>&nbsp;<\/p>\n<p>&nbsp;<\/p>\n<p>&nbsp;<\/p>\n<h2><\/h2>\n<h2 style=\"text-align: right;\"><b>Allezeit \u2013 Zeit geht uns alle an<\/b><\/h2>\n<p style=\"text-align: right;\"><span style=\"font-weight: 400;\">Einfach nur im Hier und Jetzt zu leben, ist zum einen eine Mindset-Frage. Zum anderen ist heutzutage die Vorstellung, jede Minute des Tages mit gewinnbringender Produktivit\u00e4t f\u00fcllen zu m\u00fcssen (oder zu k\u00f6nnen), gesellschaftlicher Standard geworden. Ob das gl\u00fccklich macht, steht auf einem anderen Blatt. N\u00e4mlich auf 400 Seiten in <\/span><a href=\"https:\/\/taz.de\/Teresa-Buecker-ueber-Arbeit-und-Freizeit\/!5935548\/\" target=\"_blank\" rel=\"noopener\"><span style=\"font-weight: 400;\">Teresa B\u00fcckers<\/span><\/a><span style=\"font-weight: 400;\"> Buch namens \u201eAlle_Zeit \u2013 Eine Frage von Macht und Freiheit\u201c (2022). Hierin pl\u00e4diert die feministische Journalistin f\u00fcr eine Aufwertung und gerechte Verteilung der Ressource Zeit. Daf\u00fcr sind tiefgreifende Ver\u00e4nderungen n\u00f6tig, die wir in Ans\u00e4tzen bereits sehen k\u00f6nnen: in den Diskussionen rund um Gleichberechtigung und Care-Arbeit, <\/span><a href=\"https:\/\/adellink.de\/work-life-what-wie-viel-arbeit-wie-viel-leben\/\" target=\"_blank\" rel=\"noopener\"><span style=\"font-weight: 400;\">Work-Life-Balance<\/span><\/a><span style=\"font-weight: 400;\">\u00a0 und Mental Load.<\/span><\/p>\n<p>&nbsp;<\/p>\n<p>&nbsp;<\/p>\n<div id=\"attachment_8052\" style=\"width: 484px\" class=\"wp-caption alignright\"><img loading=\"lazy\" decoding=\"async\" aria-describedby=\"caption-attachment-8052\" class=\"wp-image-8052\" src=\"https:\/\/adellink.de\/wp-content\/uploads\/2024\/03\/morgan-housel-X_fbh4Utwk4-unsplash-1024x652.jpg\" alt=\"Eine Hand steckt eine Uhr wie eine M\u00fcnze in ein Sparschwein.\" width=\"474\" height=\"302\" srcset=\"https:\/\/adellink.de\/wp-content\/uploads\/2024\/03\/morgan-housel-X_fbh4Utwk4-unsplash-1024x652.jpg 1024w, https:\/\/adellink.de\/wp-content\/uploads\/2024\/03\/morgan-housel-X_fbh4Utwk4-unsplash-300x191.jpg 300w, https:\/\/adellink.de\/wp-content\/uploads\/2024\/03\/morgan-housel-X_fbh4Utwk4-unsplash-768x489.jpg 768w, https:\/\/adellink.de\/wp-content\/uploads\/2024\/03\/morgan-housel-X_fbh4Utwk4-unsplash-1536x977.jpg 1536w, https:\/\/adellink.de\/wp-content\/uploads\/2024\/03\/morgan-housel-X_fbh4Utwk4-unsplash-2048x1303.jpg 2048w, https:\/\/adellink.de\/wp-content\/uploads\/2024\/03\/morgan-housel-X_fbh4Utwk4-unsplash-700x445.jpg 700w\" sizes=\"auto, (max-width: 474px) 100vw, 474px\" \/><p id=\"caption-attachment-8052\" class=\"wp-caption-text\"><strong>Wer viel Zeit spart, hat auch viel davon. Stimmt das?<\/strong><\/p><\/div>\n<h2><\/h2>\n<h2><\/h2>\n<h2><b>Arbeitszeit \u2013 mehr arbeiten ist auch keine L\u00f6sung<\/b><\/h2>\n<p><span style=\"font-weight: 400;\">Bisher galt in unserer westlichen Leistungsgesellschaft die simple Gleichung \u201eZeit ist Geld\u201c. Bedeutet im Umkehrschluss: Jede Stunde, die nicht mit bezahlter Arbeit gef\u00fcllt ist, wird als weniger wert empfunden. Darunter fallen nicht nur vermeintlich optionale T\u00e4tigkeiten wie Hobbys, sondern auch absolut notwendige Care-Arbeit und in vielen F\u00e4llen sogar ausreichend Schlaf. Dabei ist unsere \u201eprofessionelle Wirkungskraft\u201c reduziert: \u201eWir arbeiten und arbeiten, schaffen aber kaum noch etwas\u201c, schreibt <\/span><a href=\"https:\/\/www.marktundmittelstand.de\/personal\/krise-auf-dem-arbeitsmarkt-sarah-weber-fordert-umdenken\" target=\"_blank\" rel=\"noopener\"><span style=\"font-weight: 400;\">Sara Weber<\/span><\/a><span style=\"font-weight: 400;\">, Autorin des Sachbuchs \u201eDie Welt geht unter, und ich muss trotzdem arbeiten?\u201c (2023). Sie fordert neue flexible Arbeitszeitkonzepte, die es Angestellten erlauben, ihre Aufgaben in der notwendigen Zeit zu erf\u00fcllen, anstatt in der vorgegebenen Zeitspanne. Dieser Wunsch nach mehr Zeitsouver\u00e4nit\u00e4t und mehr Freizeit stellt die Arbeitswelt zweifellos vor Herausforderungen, f\u00fcr die es neue L\u00f6sungen braucht.<\/span><\/p>\n<p>&nbsp;<\/p>\n<div id=\"attachment_8050\" style=\"width: 394px\" class=\"wp-caption alignleft\"><img loading=\"lazy\" decoding=\"async\" aria-describedby=\"caption-attachment-8050\" class=\"wp-image-8050\" src=\"https:\/\/adellink.de\/wp-content\/uploads\/2024\/03\/giulia-bertelli-E25HcrW2Xlc-unsplash-1024x1024.jpg\" alt=\"Eine Armbanduhr, ein Stickrahmen, gr\u00fcne Wolle, Stricknadeln, Briefpapier und ein altmodischer Fotoapparat.\" width=\"384\" height=\"384\" srcset=\"https:\/\/adellink.de\/wp-content\/uploads\/2024\/03\/giulia-bertelli-E25HcrW2Xlc-unsplash-1024x1024.jpg 1024w, https:\/\/adellink.de\/wp-content\/uploads\/2024\/03\/giulia-bertelli-E25HcrW2Xlc-unsplash-300x300.jpg 300w, https:\/\/adellink.de\/wp-content\/uploads\/2024\/03\/giulia-bertelli-E25HcrW2Xlc-unsplash-150x150.jpg 150w, https:\/\/adellink.de\/wp-content\/uploads\/2024\/03\/giulia-bertelli-E25HcrW2Xlc-unsplash-768x768.jpg 768w, https:\/\/adellink.de\/wp-content\/uploads\/2024\/03\/giulia-bertelli-E25HcrW2Xlc-unsplash-1536x1536.jpg 1536w, https:\/\/adellink.de\/wp-content\/uploads\/2024\/03\/giulia-bertelli-E25HcrW2Xlc-unsplash-2048x2048.jpg 2048w, https:\/\/adellink.de\/wp-content\/uploads\/2024\/03\/giulia-bertelli-E25HcrW2Xlc-unsplash-570x570.jpg 570w, https:\/\/adellink.de\/wp-content\/uploads\/2024\/03\/giulia-bertelli-E25HcrW2Xlc-unsplash-500x500.jpg 500w, https:\/\/adellink.de\/wp-content\/uploads\/2024\/03\/giulia-bertelli-E25HcrW2Xlc-unsplash-1000x1000.jpg 1000w, https:\/\/adellink.de\/wp-content\/uploads\/2024\/03\/giulia-bertelli-E25HcrW2Xlc-unsplash-700x700.jpg 700w\" sizes=\"auto, (max-width: 384px) 100vw, 384px\" \/><p id=\"caption-attachment-8050\" class=\"wp-caption-text\"><strong>Wir brauchen mehr Zeit f\u00fcr Hobbys, Engagement und auch Langweile.<\/strong><\/p><\/div>\n<p>&nbsp;<\/p>\n<h2 style=\"text-align: right;\"><b>Freizeit \u2013 ein Pl\u00e4doyer f\u00fcr echte Pausen<\/b><\/h2>\n<p style=\"text-align: right;\"><span style=\"font-weight: 400;\">\u201eDas Problem ist, dass wir Erwerbsarbeit mit Sinnstiftung und Freizeit mit Erholung verbinden. Pausen sind zwar elementar, aber auch in der Freizeit kann Sinnvolles entstehen\u201c, betont Teresa B\u00fccker. Als Gesellschaft sollte uns deshalb mehr daran gelegen sein, auch die unsichtbare Arbeitszeit zu w\u00fcrdigen und im besten Fall zu entlohnen. Dazu geh\u00f6ren neben Sorgearbeit auch politisches Engagement sowie kreative Entfaltung mit echtem Erholungswert, Bildung und Gesundheitsvorsorge. Und wir sollten uns dringend bewusst machen, dass wir alle auch unverplante Zeit f\u00fcr uns selbst brauchen. Zum Beispiel, um auch mal zu \u201eniksen\u201c (niederl\u00e4ndisch f\u00fcr \u201enichts tun\u201c) \u2013 denn richtige Pausen und sogar Langeweile entlasten unser System und bringen uns auf neue Gedanken. Genau daf\u00fcr ist beispielsweise der <\/span><a href=\"https:\/\/adellink.de\/42-tage-frei-unser-blau-mach-tag-machts-moeglich\/\" target=\"_blank\" rel=\"noopener\"><span style=\"font-weight: 400;\">\u201eBlau-mach-Tag\u201c<\/span><\/a><span style=\"font-weight: 400;\"> bei Adel &amp; Link gedacht.<\/span><\/p>\n<p>&nbsp;<\/p>\n<p>&nbsp;<\/p>\n<div id=\"attachment_8051\" style=\"width: 293px\" class=\"wp-caption alignright\"><img loading=\"lazy\" decoding=\"async\" aria-describedby=\"caption-attachment-8051\" class=\"wp-image-8051\" src=\"https:\/\/adellink.de\/wp-content\/uploads\/2024\/03\/melissa-keizer-X-0FisCRIaA-unsplash-683x1024.jpg\" alt=\"Eine Landschildkr\u00f6te auf Kieselsteinen.\" width=\"283\" height=\"425\" srcset=\"https:\/\/adellink.de\/wp-content\/uploads\/2024\/03\/melissa-keizer-X-0FisCRIaA-unsplash-683x1024.jpg 683w, https:\/\/adellink.de\/wp-content\/uploads\/2024\/03\/melissa-keizer-X-0FisCRIaA-unsplash-200x300.jpg 200w, https:\/\/adellink.de\/wp-content\/uploads\/2024\/03\/melissa-keizer-X-0FisCRIaA-unsplash-scaled.jpg 1707w\" sizes=\"auto, (max-width: 283px) 100vw, 283px\" \/><p id=\"caption-attachment-8051\" class=\"wp-caption-text\"><strong>Die Schildkr\u00f6te Cassiopeia aus \u201eMomo&#8221; inspiriert uns zum Innehalten und Nachdenken.<\/strong><\/p><\/div>\n<h2><\/h2>\n<h2><\/h2>\n<h2><b>Lebenszeit \u2013 unsere wertvollste Ressource<\/b><\/h2>\n<p><span style=\"font-weight: 400;\">Wir k\u00f6nnen unsere Lebenszeit nicht <\/span><i><span style=\"font-weight: 400;\">nicht<\/span><\/i><span style=\"font-weight: 400;\"> nutzen, aber \u2013 im Unterschied zu Geld \u2013 auch nicht einfach vermehren. Eine anschauliche Analogie hierf\u00fcr hat Michael Ende in seinem Klassiker \u201eMomo\u201c (1973) entworfen: Die grauen Herren fordern die Menschen dazu auf, ihre Lebenszeit zu sparen, indem sie ihre Arbeit immer effizienter erledigen und auf vermeintlich sinnlose Freizeitaktivit\u00e4ten verzichten. Allerdings wird schnell klar, dass die Menschen gar nichts von ihren eingesparten Stunden haben. Die grauen Herren leben von der gestohlenen Zeit, w\u00e4hrend die Menschen sich sinnlos krummschuften. An diesem dystopischen Punkt sind wir zum Gl\u00fcck noch nicht angelangt. Doch die Geschichte erinnert mich immer daran, Pl\u00e4ne f\u00fcr \u201eeines Tages\u201c nicht zu lange aufzuschieben und meine Priorit\u00e4ten nicht nur an Geld, sondern auch an der kostbaren Ressource Zeit auszurichten: Ich m\u00f6chte Zeit nicht nur nutzen, einsparen oder totschlagen, sondern sie vor allem sinnstiftend und freudvoll verbringen.\u00a0<\/span><\/p>\n<p>&nbsp;<\/p>\n<p>&nbsp;<\/p>\n<p>&nbsp;<\/p>\n<p><em><strong><img loading=\"lazy\" decoding=\"async\" class=\"wp-image-7861 alignleft\" src=\"https:\/\/adellink.de\/wp-content\/uploads\/2024\/01\/Laura-F-1080x1080-1-1024x1024.jpg\" alt=\"\" width=\"210\" height=\"210\" srcset=\"https:\/\/adellink.de\/wp-content\/uploads\/2024\/01\/Laura-F-1080x1080-1-1024x1024.jpg 1024w, https:\/\/adellink.de\/wp-content\/uploads\/2024\/01\/Laura-F-1080x1080-1-300x300.jpg 300w, https:\/\/adellink.de\/wp-content\/uploads\/2024\/01\/Laura-F-1080x1080-1-150x150.jpg 150w, https:\/\/adellink.de\/wp-content\/uploads\/2024\/01\/Laura-F-1080x1080-1-768x768.jpg 768w, https:\/\/adellink.de\/wp-content\/uploads\/2024\/01\/Laura-F-1080x1080-1-570x570.jpg 570w, https:\/\/adellink.de\/wp-content\/uploads\/2024\/01\/Laura-F-1080x1080-1-500x500.jpg 500w, https:\/\/adellink.de\/wp-content\/uploads\/2024\/01\/Laura-F-1080x1080-1-1000x1000.jpg 1000w, https:\/\/adellink.de\/wp-content\/uploads\/2024\/01\/Laura-F-1080x1080-1-700x700.jpg 700w, https:\/\/adellink.de\/wp-content\/uploads\/2024\/01\/Laura-F-1080x1080-1.jpg 1080w\" sizes=\"auto, (max-width: 210px) 100vw, 210px\" \/><\/strong><\/em><\/p>\n<p><em><strong>\u00dcber die Autorin:<\/strong> Laura Finckh ist Junior Texterin der Storytelling &amp; Employer Comms Unit. Mit ihrem Abschluss in Literatur und Anglistik sammelte sie erste Erfahrungen in Verlagen, Vereins-PR und einer Zeitschriftenredaktion. Ob Copywriting, Lektorieren, \u00dcbersetzen oder Prompten \u2013 Lauras Gesp\u00fcr f\u00fcr Sprache und Kommunikation l\u00e4sst sie nie im Stich.<\/em><\/p>\n<p>&nbsp;<\/p>\n<p>&nbsp;<\/p>\n<p>&nbsp;<\/p>\n<p>&nbsp;<\/p>\n<p>Trends: Adel &amp; Link HIVE Studios<\/p>\n<p>Fotos: Unsplash, Giulia Bertelli; Unsplash, Morgan Housel; Unsplash, Melissa Keizer; Unsplash, Abdul A<\/p>\n<p><span style=\"font-weight: 400;\">Teresa B\u00fccker: \u201eAlle_Zeit. Eine Frage von Macht und Freiheit.\u201d (2022), Ullstein Hardcover: <\/span><a href=\"https:\/\/www.ullstein.de\/werke\/alle-zeit\/hardcover\/9783550201721\" target=\"_blank\" rel=\"noopener\"><span style=\"font-weight: 400;\">https:\/\/www.ullstein.de\/werke\/alle-zeit\/hardcover\/9783550201721<\/span><\/a><\/p>\n","protected":false},"excerpt":{"rendered":"<p>Die eigene Zeit m\u00f6glichst sinnvoll nutzen \u2013 was hei\u00dft das eigentlich? F\u00fcr unseren Trend About Time hinterfragt Autorin Laura unser Verst\u00e4ndnis von Zeit.<\/p>\n","protected":false},"author":4,"featured_media":8080,"comment_status":"closed","ping_status":"open","sticky":false,"template":"","format":"standard","meta":{"_monsterinsights_skip_tracking":false,"_monsterinsights_sitenote_active":false,"_monsterinsights_sitenote_note":"","_monsterinsights_sitenote_category":0,"footnotes":""},"categories":[47,48,38],"tags":[73,149,146,97],"class_list":["post-8047","post","type-post","status-publish","format-standard","has-post-thumbnail","hentry","category-agencylife","category-arbeiten-bei-adel-link","category-trends","tag-freizeit","tag-gleichberechtigung","tag-trends-2024","tag-work-life-balance"],"translation":{"provider":"WPGlobus","version":"3.0.2","language":"en","enabled_languages":["de","en"],"languages":{"de":{"title":true,"content":true,"excerpt":false},"en":{"title":false,"content":false,"excerpt":false}}},"yoast_head":"<!-- This site is optimized with the Yoast SEO plugin v27.4 - https:\/\/yoast.com\/product\/yoast-seo-wordpress\/ -->\n<title>About Time \u2013 Zeitgeist ist Trend | Adel &amp; Link Public Relations<\/title>\n<meta name=\"robots\" content=\"index, follow, max-snippet:-1, max-image-preview:large, max-video-preview:-1\" \/>\n<link rel=\"canonical\" href=\"https:\/\/adellink.de\/about-time-zeit-ist-trend\/\" \/>\n<meta property=\"og:locale\" content=\"en_US\" \/>\n<meta property=\"og:type\" content=\"article\" \/>\n<meta property=\"og:title\" content=\"About Time \u2013 Zeitgeist ist Trend | Adel &amp; Link Public Relations\" \/>\n<meta property=\"og:url\" content=\"https:\/\/adellink.de\/about-time-zeit-ist-trend\/\" \/>\n<meta property=\"og:site_name\" content=\"Adel &amp; Link Public Relations\" \/>\n<meta property=\"article:publisher\" content=\"https:\/\/www.facebook.com\/adellinkpr\/\" \/>\n<meta property=\"article:published_time\" content=\"2024-03-14T09:19:48+00:00\" \/>\n<meta property=\"article:modified_time\" content=\"2024-03-14T11:35:47+00:00\" \/>\n<meta property=\"og:image\" content=\"https:\/\/adellink.de\/wp-content\/uploads\/2024\/03\/2403.14_Header-Images-Blog-Posts_About-Time-1024x576.png\" \/>\n\t<meta property=\"og:image:width\" content=\"1024\" \/>\n\t<meta property=\"og:image:height\" content=\"576\" \/>\n\t<meta property=\"og:image:type\" content=\"image\/png\" \/>\n<meta name=\"author\" content=\"TEAM\" \/>\n<meta name=\"twitter:card\" content=\"summary_large_image\" \/>\n<meta name=\"twitter:creator\" content=\"@adellinkpr\" \/>\n<meta name=\"twitter:site\" content=\"@adellinkpr\" \/>\n<meta name=\"twitter:label1\" content=\"Written by\" \/>\n\t<meta name=\"twitter:data1\" content=\"TEAM\" \/>\n\t<meta name=\"twitter:label2\" content=\"Est. reading time\" \/>\n\t<meta name=\"twitter:data2\" content=\"6 minutes\" \/>\n<script type=\"application\/ld+json\" class=\"yoast-schema-graph\">{\"@context\":\"https:\\\/\\\/schema.org\",\"@graph\":[{\"@type\":\"Article\",\"@id\":\"https:\\\/\\\/adellink.de\\\/about-time-zeit-ist-trend\\\/#article\",\"isPartOf\":{\"@id\":\"https:\\\/\\\/adellink.de\\\/about-time-zeit-ist-trend\\\/\"},\"author\":{\"name\":\"TEAM\",\"@id\":\"https:\\\/\\\/adellink.de\\\/en\\\/#\\\/schema\\\/person\\\/47c0224bd634dbdeed46f4b0df21c2c7\"},\"headline\":\"About Time \u2013 Zeitgeist ist Trend\",\"datePublished\":\"2024-03-14T09:19:48+00:00\",\"dateModified\":\"2024-03-14T11:35:47+00:00\",\"mainEntityOfPage\":{\"@id\":\"https:\\\/\\\/adellink.de\\\/about-time-zeit-ist-trend\\\/\"},\"wordCount\":904,\"publisher\":{\"@id\":\"https:\\\/\\\/adellink.de\\\/en\\\/#organization\"},\"image\":{\"@id\":\"https:\\\/\\\/adellink.de\\\/about-time-zeit-ist-trend\\\/#primaryimage\"},\"thumbnailUrl\":\"https:\\\/\\\/adellink.de\\\/wp-content\\\/uploads\\\/2024\\\/03\\\/2403.14_Header-Images-Blog-Posts_About-Time.png\",\"keywords\":[\"Freizeit\",\"Gleichberechtigung\",\"Trends 2024\",\"Work-Life-Balance\"],\"articleSection\":[\"Agencylife\",\"Arbeiten bei Adel &amp; Link\",\"Trends\"],\"inLanguage\":\"en-US\"},{\"@type\":\"WebPage\",\"@id\":\"https:\\\/\\\/adellink.de\\\/about-time-zeit-ist-trend\\\/\",\"url\":\"https:\\\/\\\/adellink.de\\\/about-time-zeit-ist-trend\\\/\",\"name\":\"About Time \u2013 Zeitgeist ist Trend | Adel &amp; Link Public Relations\",\"isPartOf\":{\"@id\":\"https:\\\/\\\/adellink.de\\\/en\\\/#website\"},\"primaryImageOfPage\":{\"@id\":\"https:\\\/\\\/adellink.de\\\/about-time-zeit-ist-trend\\\/#primaryimage\"},\"image\":{\"@id\":\"https:\\\/\\\/adellink.de\\\/about-time-zeit-ist-trend\\\/#primaryimage\"},\"thumbnailUrl\":\"https:\\\/\\\/adellink.de\\\/wp-content\\\/uploads\\\/2024\\\/03\\\/2403.14_Header-Images-Blog-Posts_About-Time.png\",\"datePublished\":\"2024-03-14T09:19:48+00:00\",\"dateModified\":\"2024-03-14T11:35:47+00:00\",\"description\":\"Die eigene Zeit m\u00f6glichst sinnvoll nutzen \u2013 was hei\u00dft das eigentlich? Unsere Autorin Laura besch\u00e4ftigt sich mit unserem Trend About Time.\u00a0\",\"breadcrumb\":{\"@id\":\"https:\\\/\\\/adellink.de\\\/about-time-zeit-ist-trend\\\/#breadcrumb\"},\"inLanguage\":\"en-US\",\"potentialAction\":[{\"@type\":\"ReadAction\",\"target\":[\"https:\\\/\\\/adellink.de\\\/about-time-zeit-ist-trend\\\/\"]}]},{\"@type\":\"ImageObject\",\"inLanguage\":\"en-US\",\"@id\":\"https:\\\/\\\/adellink.de\\\/about-time-zeit-ist-trend\\\/#primaryimage\",\"url\":\"https:\\\/\\\/adellink.de\\\/wp-content\\\/uploads\\\/2024\\\/03\\\/2403.14_Header-Images-Blog-Posts_About-Time.png\",\"contentUrl\":\"https:\\\/\\\/adellink.de\\\/wp-content\\\/uploads\\\/2024\\\/03\\\/2403.14_Header-Images-Blog-Posts_About-Time.png\",\"width\":8000,\"height\":4500},{\"@type\":\"BreadcrumbList\",\"@id\":\"https:\\\/\\\/adellink.de\\\/about-time-zeit-ist-trend\\\/#breadcrumb\",\"itemListElement\":[{\"@type\":\"ListItem\",\"position\":1,\"name\":\"Startseite\",\"item\":\"https:\\\/\\\/adellink.de\\\/\"},{\"@type\":\"ListItem\",\"position\":2,\"name\":\"About Time \u2013 Zeitgeist ist Trend\"}]},{\"@type\":\"WebSite\",\"@id\":\"https:\\\/\\\/adellink.de\\\/en\\\/#website\",\"url\":\"https:\\\/\\\/adellink.de\\\/en\\\/\",\"name\":\"Adel & Link Public Relations\",\"description\":\"\",\"publisher\":{\"@id\":\"https:\\\/\\\/adellink.de\\\/en\\\/#organization\"},\"potentialAction\":[{\"@type\":\"SearchAction\",\"target\":{\"@type\":\"EntryPoint\",\"urlTemplate\":\"https:\\\/\\\/adellink.de\\\/en\\\/?s={search_term_string}\"},\"query-input\":{\"@type\":\"PropertyValueSpecification\",\"valueRequired\":true,\"valueName\":\"search_term_string\"}}],\"inLanguage\":\"en-US\"},{\"@type\":\"Organization\",\"@id\":\"https:\\\/\\\/adellink.de\\\/en\\\/#organization\",\"name\":\"Adel&Link Public Relations\",\"url\":\"https:\\\/\\\/adellink.de\\\/en\\\/\",\"logo\":{\"@type\":\"ImageObject\",\"inLanguage\":\"en-US\",\"@id\":\"https:\\\/\\\/adellink.de\\\/en\\\/#\\\/schema\\\/logo\\\/image\\\/\",\"url\":\"https:\\\/\\\/adellink.de\\\/wp-content\\\/uploads\\\/2020\\\/09\\\/2019_al_logo_BK_300px.png\",\"contentUrl\":\"https:\\\/\\\/adellink.de\\\/wp-content\\\/uploads\\\/2020\\\/09\\\/2019_al_logo_BK_300px.png\",\"width\":1251,\"height\":376,\"caption\":\"Adel&Link Public Relations\"},\"image\":{\"@id\":\"https:\\\/\\\/adellink.de\\\/en\\\/#\\\/schema\\\/logo\\\/image\\\/\"},\"sameAs\":[\"https:\\\/\\\/www.facebook.com\\\/adellinkpr\\\/\",\"https:\\\/\\\/x.com\\\/adellinkpr\",\"https:\\\/\\\/www.instagram.com\\\/adellinkpr\\\/?hl=de\",\"https:\\\/\\\/www.linkedin.com\\\/company\\\/adel-&amp;-link-public-relations\\\/?originalSubdomain=de\"]},{\"@type\":\"Person\",\"@id\":\"https:\\\/\\\/adellink.de\\\/en\\\/#\\\/schema\\\/person\\\/47c0224bd634dbdeed46f4b0df21c2c7\",\"name\":\"TEAM\",\"image\":{\"@type\":\"ImageObject\",\"inLanguage\":\"en-US\",\"@id\":\"https:\\\/\\\/secure.gravatar.com\\\/avatar\\\/c8732322cf4ab0a0490c34da7c1fad53076f9a8e7b1ee6e252b429bdaca587b7?s=96&d=mm&r=g\",\"url\":\"https:\\\/\\\/secure.gravatar.com\\\/avatar\\\/c8732322cf4ab0a0490c34da7c1fad53076f9a8e7b1ee6e252b429bdaca587b7?s=96&d=mm&r=g\",\"contentUrl\":\"https:\\\/\\\/secure.gravatar.com\\\/avatar\\\/c8732322cf4ab0a0490c34da7c1fad53076f9a8e7b1ee6e252b429bdaca587b7?s=96&d=mm&r=g\",\"caption\":\"TEAM\"},\"url\":\"https:\\\/\\\/adellink.de\\\/en\\\/author\\\/team\\\/\"}]}<\/script>\n<!-- \/ Yoast SEO plugin. -->","yoast_head_json":{"title":"About Time \u2013 Zeitgeist ist Trend | Adel &amp; Link Public Relations","robots":{"index":"index","follow":"follow","max-snippet":"max-snippet:-1","max-image-preview":"max-image-preview:large","max-video-preview":"max-video-preview:-1"},"canonical":"https:\/\/adellink.de\/about-time-zeit-ist-trend\/","og_locale":"en_US","og_type":"article","og_title":"About Time \u2013 Zeitgeist ist Trend | Adel &amp; Link Public Relations","og_url":"https:\/\/adellink.de\/about-time-zeit-ist-trend\/","og_site_name":"Adel &amp; Link Public Relations","article_publisher":"https:\/\/www.facebook.com\/adellinkpr\/","article_published_time":"2024-03-14T09:19:48+00:00","article_modified_time":"2024-03-14T11:35:47+00:00","og_image":[{"width":1024,"height":576,"url":"https:\/\/adellink.de\/wp-content\/uploads\/2024\/03\/2403.14_Header-Images-Blog-Posts_About-Time-1024x576.png","type":"image\/png"}],"author":"TEAM","twitter_card":"summary_large_image","twitter_creator":"@adellinkpr","twitter_site":"@adellinkpr","twitter_misc":{"Written by":"TEAM","Est. reading time":"6 minutes"},"schema":{"@context":"https:\/\/schema.org","@graph":[{"@type":"Article","@id":"https:\/\/adellink.de\/about-time-zeit-ist-trend\/#article","isPartOf":{"@id":"https:\/\/adellink.de\/about-time-zeit-ist-trend\/"},"author":{"name":"TEAM","@id":"https:\/\/adellink.de\/en\/#\/schema\/person\/47c0224bd634dbdeed46f4b0df21c2c7"},"headline":"About Time \u2013 Zeitgeist ist Trend","datePublished":"2024-03-14T09:19:48+00:00","dateModified":"2024-03-14T11:35:47+00:00","mainEntityOfPage":{"@id":"https:\/\/adellink.de\/about-time-zeit-ist-trend\/"},"wordCount":904,"publisher":{"@id":"https:\/\/adellink.de\/en\/#organization"},"image":{"@id":"https:\/\/adellink.de\/about-time-zeit-ist-trend\/#primaryimage"},"thumbnailUrl":"https:\/\/adellink.de\/wp-content\/uploads\/2024\/03\/2403.14_Header-Images-Blog-Posts_About-Time.png","keywords":["Freizeit","Gleichberechtigung","Trends 2024","Work-Life-Balance"],"articleSection":["Agencylife","Arbeiten bei Adel &amp; Link","Trends"],"inLanguage":"en-US"},{"@type":"WebPage","@id":"https:\/\/adellink.de\/about-time-zeit-ist-trend\/","url":"https:\/\/adellink.de\/about-time-zeit-ist-trend\/","name":"About Time \u2013 Zeitgeist ist Trend | Adel &amp; Link Public Relations","isPartOf":{"@id":"https:\/\/adellink.de\/en\/#website"},"primaryImageOfPage":{"@id":"https:\/\/adellink.de\/about-time-zeit-ist-trend\/#primaryimage"},"image":{"@id":"https:\/\/adellink.de\/about-time-zeit-ist-trend\/#primaryimage"},"thumbnailUrl":"https:\/\/adellink.de\/wp-content\/uploads\/2024\/03\/2403.14_Header-Images-Blog-Posts_About-Time.png","datePublished":"2024-03-14T09:19:48+00:00","dateModified":"2024-03-14T11:35:47+00:00","description":"Die eigene Zeit m\u00f6glichst sinnvoll nutzen \u2013 was hei\u00dft das eigentlich? Unsere Autorin Laura besch\u00e4ftigt sich mit unserem Trend About Time.\u00a0","breadcrumb":{"@id":"https:\/\/adellink.de\/about-time-zeit-ist-trend\/#breadcrumb"},"inLanguage":"en-US","potentialAction":[{"@type":"ReadAction","target":["https:\/\/adellink.de\/about-time-zeit-ist-trend\/"]}]},{"@type":"ImageObject","inLanguage":"en-US","@id":"https:\/\/adellink.de\/about-time-zeit-ist-trend\/#primaryimage","url":"https:\/\/adellink.de\/wp-content\/uploads\/2024\/03\/2403.14_Header-Images-Blog-Posts_About-Time.png","contentUrl":"https:\/\/adellink.de\/wp-content\/uploads\/2024\/03\/2403.14_Header-Images-Blog-Posts_About-Time.png","width":8000,"height":4500},{"@type":"BreadcrumbList","@id":"https:\/\/adellink.de\/about-time-zeit-ist-trend\/#breadcrumb","itemListElement":[{"@type":"ListItem","position":1,"name":"Startseite","item":"https:\/\/adellink.de\/"},{"@type":"ListItem","position":2,"name":"About Time \u2013 Zeitgeist ist Trend"}]},{"@type":"WebSite","@id":"https:\/\/adellink.de\/en\/#website","url":"https:\/\/adellink.de\/en\/","name":"Adel & Link Public Relations","description":"","publisher":{"@id":"https:\/\/adellink.de\/en\/#organization"},"potentialAction":[{"@type":"SearchAction","target":{"@type":"EntryPoint","urlTemplate":"https:\/\/adellink.de\/en\/?s={search_term_string}"},"query-input":{"@type":"PropertyValueSpecification","valueRequired":true,"valueName":"search_term_string"}}],"inLanguage":"en-US"},{"@type":"Organization","@id":"https:\/\/adellink.de\/en\/#organization","name":"Adel&Link Public Relations","url":"https:\/\/adellink.de\/en\/","logo":{"@type":"ImageObject","inLanguage":"en-US","@id":"https:\/\/adellink.de\/en\/#\/schema\/logo\/image\/","url":"https:\/\/adellink.de\/wp-content\/uploads\/2020\/09\/2019_al_logo_BK_300px.png","contentUrl":"https:\/\/adellink.de\/wp-content\/uploads\/2020\/09\/2019_al_logo_BK_300px.png","width":1251,"height":376,"caption":"Adel&Link Public Relations"},"image":{"@id":"https:\/\/adellink.de\/en\/#\/schema\/logo\/image\/"},"sameAs":["https:\/\/www.facebook.com\/adellinkpr\/","https:\/\/x.com\/adellinkpr","https:\/\/www.instagram.com\/adellinkpr\/?hl=de","https:\/\/www.linkedin.com\/company\/adel-&amp;-link-public-relations\/?originalSubdomain=de"]},{"@type":"Person","@id":"https:\/\/adellink.de\/en\/#\/schema\/person\/47c0224bd634dbdeed46f4b0df21c2c7","name":"TEAM","image":{"@type":"ImageObject","inLanguage":"en-US","@id":"https:\/\/secure.gravatar.com\/avatar\/c8732322cf4ab0a0490c34da7c1fad53076f9a8e7b1ee6e252b429bdaca587b7?s=96&d=mm&r=g","url":"https:\/\/secure.gravatar.com\/avatar\/c8732322cf4ab0a0490c34da7c1fad53076f9a8e7b1ee6e252b429bdaca587b7?s=96&d=mm&r=g","contentUrl":"https:\/\/secure.gravatar.com\/avatar\/c8732322cf4ab0a0490c34da7c1fad53076f9a8e7b1ee6e252b429bdaca587b7?s=96&d=mm&r=g","caption":"TEAM"},"url":"https:\/\/adellink.de\/en\/author\/team\/"}]}},"_links":{"self":[{"href":"https:\/\/adellink.de\/en\/wp-json\/wp\/v2\/posts\/8047","targetHints":{"allow":["GET"]}}],"collection":[{"href":"https:\/\/adellink.de\/en\/wp-json\/wp\/v2\/posts"}],"about":[{"href":"https:\/\/adellink.de\/en\/wp-json\/wp\/v2\/types\/post"}],"author":[{"embeddable":true,"href":"https:\/\/adellink.de\/en\/wp-json\/wp\/v2\/users\/4"}],"replies":[{"embeddable":true,"href":"https:\/\/adellink.de\/en\/wp-json\/wp\/v2\/comments?post=8047"}],"version-history":[{"count":27,"href":"https:\/\/adellink.de\/en\/wp-json\/wp\/v2\/posts\/8047\/revisions"}],"predecessor-version":[{"id":8082,"href":"https:\/\/adellink.de\/en\/wp-json\/wp\/v2\/posts\/8047\/revisions\/8082"}],"wp:featuredmedia":[{"embeddable":true,"href":"https:\/\/adellink.de\/en\/wp-json\/wp\/v2\/media\/8080"}],"wp:attachment":[{"href":"https:\/\/adellink.de\/en\/wp-json\/wp\/v2\/media?parent=8047"}],"wp:term":[{"taxonomy":"category","embeddable":true,"href":"https:\/\/adellink.de\/en\/wp-json\/wp\/v2\/categories?post=8047"},{"taxonomy":"post_tag","embeddable":true,"href":"https:\/\/adellink.de\/en\/wp-json\/wp\/v2\/tags?post=8047"}],"curies":[{"name":"wp","href":"https:\/\/api.w.org\/{rel}","templated":true}]}}