{"id":8488,"date":"2025-01-17T12:17:48","date_gmt":"2025-01-17T11:17:48","guid":{"rendered":"https:\/\/adellink.de\/?p=8488"},"modified":"2025-01-17T12:19:05","modified_gmt":"2025-01-17T11:19:05","slug":"mental-health-im-job-tipps","status":"publish","type":"post","link":"https:\/\/adellink.de\/en\/mental-health-im-job-tipps\/","title":{"rendered":"Mental Health im Job: Tipps f\u00fcr den Berufsalltag (Teil 2)"},"content":{"rendered":"<h4 style=\"font-weight: 400;\"><span style=\"font-weight: 400;\">Weniger Stress, mehr Resilienz: In Teil 2 unserer kleinen Themenreihe zu Mental Health teilen wir Ideen f\u00fcr den Berufsalltag \u2013 mit positiven Auswirkungen f\u00fcr alle Beteiligten.<\/span><\/h4>\n<p><!--more--><\/p>\n<p><span style=\"font-weight: 400;\">Der gr\u00f6\u00dfte Wunsch der Deutschen f\u00fcr das Jahr 2025 ist \u2013 Trommelwirbel \u2013 weniger Stress! Mehr als zwei Drittel (68 %) gaben das in einer Umfrage von forsa und DAK an, der h\u00f6chste Wert seit 14 Jahren. Unter den Befragten wollen besonders viele Frauen in diesem Jahr Stress vermeiden oder abbauen (71 %, M\u00e4nner: 64 %).\u00a0<\/span><\/p>\n<p><span style=\"font-weight: 400;\">Gut, dass so viele etwas \u00e4ndern und f\u00fcr ihre Gesundheit tun m\u00f6chten. Schlie\u00dflich versetzt Dauerstress den K\u00f6rper in st\u00e4ndige Alarmbereitschaft und beg\u00fcnstigt dadurch zahlreiche Erkrankungen. Gesund, leistungsf\u00e4hig und zufrieden bleibt auf lange Sicht nur, wer sich Zeit f\u00fcr Erholung nimmt und <\/span><a href=\"https:\/\/gesund.bund.de\/stress\" target=\"_blank\" rel=\"noopener\"><span style=\"font-weight: 400;\">\u00fcberm\u00e4\u00dfigem Stress aktiv etwas entgegensetzt<\/span><\/a><span style=\"font-weight: 400;\">. Damit das 2025 endlich klappt, m\u00fcssen wir Pr\u00e4vention und Resilienz in den Vordergrund r\u00fccken.\u00a0<\/span><\/p>\n<p>&nbsp;<\/p>\n<h2><b>Einfach mal machen: Ideen f\u00fcr Unternehmen<br \/>\n<\/b><\/h2>\n<p><span style=\"font-weight: 400;\">Stress und mentale Gesundheit sind nicht nur Privatsache, sondern geh\u00f6ren mitten in den Berufsalltag. Gl\u00fccklicherweise sprechen wir heutzutage auch am Arbeitsplatz offener dar\u00fcber \u2013 und immer mehr Firmen <\/span><a href=\"https:\/\/adellink.de\/trends-2023-alles-im-wandel-trends-2023-a-world-in-flux\/\" target=\"_blank\" rel=\"noopener\"><span style=\"font-weight: 400;\">heben sich als Caring Companies hervor<\/span><\/a><span style=\"font-weight: 400;\">. Sie schaffen Beratungsangebote, bieten Schulungen an und etablieren besondere Benefits. Unsere <\/span><a href=\"https:\/\/adellink.de\/42-tage-frei-unser-blau-mach-tag-machts-moeglich\" target=\"_blank\" rel=\"noopener\"><span style=\"font-weight: 400;\">zw\u00f6lf Blau-mach-Tage im Jahr<\/span><\/a><span style=\"font-weight: 400;\"> geh\u00f6ren auf jeden Fall dazu!\u00a0<\/span><\/p>\n<p><i><span style=\"font-weight: 400;\">Aller Anfang ist leicht \u2013 drei Ideen f\u00fcr den Start:<\/span><\/i><\/p>\n<p>&#8211; \u00a0<a href=\"https:\/\/gesund.bund.de\/betriebliche-gesundheitsfoerderung-bgf\" target=\"_blank\" rel=\"noopener\"><span style=\"font-weight: 400;\">Tipps &amp; Infos<\/span><\/a><span style=\"font-weight: 400;\">: betriebliche Gesundheitsf\u00f6rderung mit Zuschuss von Krankenkassen<\/span><\/p>\n<p>&#8211; \u00a0<span style=\"font-weight: 400;\">Workshops und Schulungen zum Thema Resilienz \u2013\u00a0zum Beispiel <\/span><a href=\"http:\/\/www.renetraeder.de\/\" target=\"_blank\" rel=\"noopener\"><span style=\"font-weight: 400;\">mit erfahrenen Psychologen wie Ren\u00e9 Tr\u00e4der<\/span><\/a><\/p>\n<p>&#8211; \u00a0<a href=\"https:\/\/www.gesundheit-bewegt.com\/\" target=\"_blank\" rel=\"noopener\"><span style=\"font-weight: 400;\">Gesundheit bewegt<\/span><\/a><span style=\"font-weight: 400;\">: digitales Programm zur betrieblichen Gesundheitsf\u00f6rderung<\/span><\/p>\n<h2><\/h2>\n<h2 style=\"font-weight: 400;\"><b>Warum brauchen wir mehr Resilienz?<\/b><\/h2>\n<p><span style=\"font-weight: 400;\">Resilienz gilt als das Immunsystem der Psyche: Sie bezeichnet die psychische Widerstandskraft und innere St\u00e4rke eines Menschen, die ihn durch Krisen tr\u00e4gt. Resilienten Menschen gelingt es besser als anderen, schwierige Situationen und Stress zu bew\u00e4ltigen. Dabei ist Resilienz keine feste Gr\u00f6\u00dfe, sondern ein dynamischer Prozess: Sie l\u00e4sst sich \u00fcber die gesamte Lebensspanne hinweg trainieren. Entscheidende Faktoren daf\u00fcr sind unter anderem soziale Einbindung, Selbstwertgef\u00fchl und Selbstwirksamkeit.<\/span><\/p>\n<p>&nbsp;<\/p>\n<p>&nbsp;<\/p>\n<p><img loading=\"lazy\" decoding=\"async\" class=\"aligncenter wp-image-8495\" src=\"https:\/\/adellink.de\/wp-content\/uploads\/2025\/01\/amauri-mejia-n5trbdfW7fM-unsplash-200x300.jpeg\" alt=\"Person macht Yoga-\u00dcbungen in der Natur\" width=\"455\" height=\"683\" srcset=\"https:\/\/adellink.de\/wp-content\/uploads\/2025\/01\/amauri-mejia-n5trbdfW7fM-unsplash-200x300.jpeg 200w, https:\/\/adellink.de\/wp-content\/uploads\/2025\/01\/amauri-mejia-n5trbdfW7fM-unsplash-683x1024.jpeg 683w, https:\/\/adellink.de\/wp-content\/uploads\/2025\/01\/amauri-mejia-n5trbdfW7fM-unsplash-768x1152.jpeg 768w, https:\/\/adellink.de\/wp-content\/uploads\/2025\/01\/amauri-mejia-n5trbdfW7fM-unsplash-1024x1536.jpeg 1024w, https:\/\/adellink.de\/wp-content\/uploads\/2025\/01\/amauri-mejia-n5trbdfW7fM-unsplash-1365x2048.jpeg 1365w, https:\/\/adellink.de\/wp-content\/uploads\/2025\/01\/amauri-mejia-n5trbdfW7fM-unsplash-700x1050.jpeg 700w, https:\/\/adellink.de\/wp-content\/uploads\/2025\/01\/amauri-mejia-n5trbdfW7fM-unsplash-scaled.jpeg 1707w\" sizes=\"auto, (max-width: 455px) 100vw, 455px\" \/><\/p>\n<h2><\/h2>\n<h2 style=\"font-weight: 400;\"><b>Tipp 1: Fitness f\u00fcr die Psyche<\/b><\/h2>\n<p><span style=\"font-weight: 400;\">Wenn es um mentale Gesundheit geht, werden Sport und Bewegung oft untersch\u00e4tzt. Dabei helfen Wandern, Yoga oder Krafttraining dem K\u00f6rper enorm dabei, <\/span><a href=\"https:\/\/www.neurologen-und-psychiater-im-netz.org\/psychiatrie-psychosomatik-psychotherapie\/ratgeber-archiv\/artikel\/warum-bewegung-der-psyche-gut-tut-1\/\" target=\"_blank\" rel=\"noopener\"><span style=\"font-weight: 400;\">Botenstoffe wie Dopamin und Serotonin auszusch\u00fctten<\/span><\/a><span style=\"font-weight: 400;\">, Stresshormone abzubauen und psychischen Erkrankungen vorzubeugen.\u00a0<\/span><\/p>\n<p><span style=\"font-weight: 400;\">Wichtig ist, regelm\u00e4\u00dfig aktiv zu sein \u2013 und die geeignete Sportart f\u00fcr sich zu finden. Firmen k\u00f6nnen das f\u00f6rdern, indem sie bewegungsintensive Events planen oder Corporate Benefits wie Betriebssport oder Fitnessstudiomitgliedschaften anbieten.<\/span><\/p>\n<p>&nbsp;<\/p>\n<h2><b><img loading=\"lazy\" decoding=\"async\" class=\"aligncenter wp-image-8496\" src=\"https:\/\/adellink.de\/wp-content\/uploads\/2025\/01\/emily-rudolph-m0xspcr6Xw-unsplash-300x300.jpeg\" alt=\"Gem\u00fctlich hochgelegte F\u00fc\u00dfe auf einer Couch mit Buch und Teetasse\" width=\"495\" height=\"495\" srcset=\"https:\/\/adellink.de\/wp-content\/uploads\/2025\/01\/emily-rudolph-m0xspcr6Xw-unsplash-300x300.jpeg 300w, https:\/\/adellink.de\/wp-content\/uploads\/2025\/01\/emily-rudolph-m0xspcr6Xw-unsplash-1024x1024.jpeg 1024w, https:\/\/adellink.de\/wp-content\/uploads\/2025\/01\/emily-rudolph-m0xspcr6Xw-unsplash-150x150.jpeg 150w, https:\/\/adellink.de\/wp-content\/uploads\/2025\/01\/emily-rudolph-m0xspcr6Xw-unsplash-768x768.jpeg 768w, https:\/\/adellink.de\/wp-content\/uploads\/2025\/01\/emily-rudolph-m0xspcr6Xw-unsplash-1536x1536.jpeg 1536w, https:\/\/adellink.de\/wp-content\/uploads\/2025\/01\/emily-rudolph-m0xspcr6Xw-unsplash-2048x2048.jpeg 2048w, https:\/\/adellink.de\/wp-content\/uploads\/2025\/01\/emily-rudolph-m0xspcr6Xw-unsplash-570x570.jpeg 570w, https:\/\/adellink.de\/wp-content\/uploads\/2025\/01\/emily-rudolph-m0xspcr6Xw-unsplash-500x500.jpeg 500w, https:\/\/adellink.de\/wp-content\/uploads\/2025\/01\/emily-rudolph-m0xspcr6Xw-unsplash-1000x1000.jpeg 1000w, https:\/\/adellink.de\/wp-content\/uploads\/2025\/01\/emily-rudolph-m0xspcr6Xw-unsplash-700x700.jpeg 700w\" sizes=\"auto, (max-width: 495px) 100vw, 495px\" \/><\/b><\/h2>\n<h2><\/h2>\n<h2><b>Tipp 2: Echte Pausen \u2013 F\u00fc\u00dfe hoch, Handy weg<\/b><\/h2>\n<p><span style=\"font-weight: 400;\">Weniger tun, mehr sein \u2013 das ist f\u00fcr viele in unserer Leistungsgesellschaft schwieriger, als es klingt. Schlie\u00dflich g\u00e4be es immer irgendetwas zu erledigen, zu planen, zu tun. Die gute Nachricht: Die imagin\u00e4re To-do-Liste endet sowieso nie \u2013 also k\u00f6nnen wir uns zwischendurch zur\u00fccklehnen, erholen und Kraft tanken. Denn <\/span><a href=\"https:\/\/www.quarks.de\/gesellschaft\/psychologie\/warum-pausen-zwischendurch-so-wichtig-sind\/\" target=\"_blank\" rel=\"noopener\"><span style=\"font-weight: 400;\">Pausen unterst\u00fctzen Regeneration, Kreativit\u00e4t und Stressabbau<\/span><\/a><span style=\"font-weight: 400;\">.\u00a0<\/span><\/p>\n<p><span style=\"font-weight: 400;\">In den f\u00fcnfzehn Minuten Leerlauf bis zum n\u00e4chsten Task also lieber nicht durch Social Media scrollen, sondern aus dem Fenster schauen oder gleich die Augen zu machen. <\/span><\/p>\n<h2><\/h2>\n<h2><b>Tipp 3: Mit mehr Zuversicht in die Zukunft<\/b><\/h2>\n<p><span style=\"font-weight: 400;\">Wenn \u00c4ngste und Sorgen \u00fcberhandnehmen, leiden wir ganz real \u2013 selbst wenn wir uns Gedanken um Dinge machen, die noch gar nicht da sind oder nie eintreten werden. Wie wir heute durch die Welt gehen, beeinflusst zudem unsere Erwartungshaltung an die Zukunft.<\/span><\/p>\n<p><span style=\"font-weight: 400;\">Angesichts der Nachrichtenlage bis Anfang 2025 ist es wenig verwunderlich, dass der Stiftung f\u00fcr Zukunftsfragen zufolge <\/span><a href=\"https:\/\/www.stiftungfuerzukunftsfragen.de\/so-blicken-die-buerger-auf-das-jahr-2025-sorgen-angst-und-ein-wenig-hoffnung\/\" target=\"_blank\" rel=\"noopener\"><span style=\"font-weight: 400;\">die Mehrheit der Deutschen sorgenvoll auf das Jahr blickt<\/span><\/a><span style=\"font-weight: 400;\">. Doch es gibt durchaus einige gute Neuigkeiten \u2013 sie werden nur seltener erz\u00e4hlt. Ein Blick auf <\/span><a href=\"https:\/\/goodnews.eu\/\" target=\"_blank\" rel=\"noopener\"><span style=\"font-weight: 400;\">positive Nachrichtenseiten wie Good News<\/span><\/a><span style=\"font-weight: 400;\"> ist deshalb eine empfehlenswerte Erg\u00e4nzung zur klassischen Tagespresse.\u00a0<\/span><\/p>\n<p><b>Unser Fazit:<\/b><span style=\"font-weight: 400;\"> Jede noch so kleine positive Ver\u00e4nderung unserer Gewohnheiten zahlt darauf ein, dass wir uns langfristig wohlf\u00fchlen und gesund bleiben. Es lohnt sich, Zeit, Geld und M\u00fche in die Pr\u00e4vention psychischer Erkrankungen zu investieren. Denn Resilienz ist keine Luxuseigenschaft, sondern ein echter Gewinn \u2013 f\u00fcr Menschen wie f\u00fcr Unternehmen.<\/span><\/p>\n<p>&nbsp;<\/p>\n<p><em><strong>\u00dcber die Autorin Nina Heger:<\/strong><\/em><\/p>\n<p><img loading=\"lazy\" decoding=\"async\" class=\"wp-image-8261 size-medium alignleft\" src=\"https:\/\/adellink.de\/wp-content\/uploads\/2024\/06\/01-Nina-Kopie-300x200.jpeg\" alt=\"Portr\u00e4t der Autorin Nina Heger\" width=\"300\" height=\"200\" srcset=\"https:\/\/adellink.de\/wp-content\/uploads\/2024\/06\/01-Nina-Kopie-300x200.jpeg 300w, https:\/\/adellink.de\/wp-content\/uploads\/2024\/06\/01-Nina-Kopie-1024x683.jpeg 1024w, https:\/\/adellink.de\/wp-content\/uploads\/2024\/06\/01-Nina-Kopie-768x512.jpeg 768w, https:\/\/adellink.de\/wp-content\/uploads\/2024\/06\/01-Nina-Kopie-1536x1024.jpeg 1536w, https:\/\/adellink.de\/wp-content\/uploads\/2024\/06\/01-Nina-Kopie-2048x1365.jpeg 2048w, https:\/\/adellink.de\/wp-content\/uploads\/2024\/06\/01-Nina-Kopie-700x467.jpeg 700w\" sizes=\"auto, (max-width: 300px) 100vw, 300px\" \/><em>Nach ihrem Bachelor in Buchwissenschaft und Germanistik war Nina jahrelang im Corporate Publishing t\u00e4tig, bevor sie bei Adel &amp; Link Wurzeln schlug. Als Senior Texterin besch\u00e4ftigt sie sich heute mit den unterschiedlichsten Themen, Trends und Textsorten. Hier eine Case Study f\u00fcr Tech-Kunden, da ein Ratgeber f\u00fcr Inneneinrichtung oder ein Blogpost zu New Work: genau die richtige Mischung f\u00fcr die wortverliebte Copywriterin.<\/em><\/p>\n<p>&nbsp;<\/p>\n<p><em>Headergrafik: Adel &amp; Link HIVE Studios<\/em><\/p>\n<p><em>Fotos: Unsplash, Amauri Mejia (Yoga in der Natur), Emily Rudolph (Couchsituation), Portr\u00e4t Nina Heger: Marvin Fuchs<\/em><\/p>\n","protected":false},"excerpt":{"rendered":"<p>Weniger Stress, mehr Resilienz: In Teil 2 unserer kleinen Themenreihe zu Mental Health teilen wir Ideen f\u00fcr den Berufsalltag \u2013 mit positiven Auswirkungen f\u00fcr alle Beteiligten.<\/p>\n","protected":false},"author":4,"featured_media":8501,"comment_status":"closed","ping_status":"open","sticky":false,"template":"","format":"standard","meta":{"_monsterinsights_skip_tracking":false,"_monsterinsights_sitenote_active":false,"_monsterinsights_sitenote_note":"","_monsterinsights_sitenote_category":0,"footnotes":""},"categories":[9,48],"tags":[136,138,176,173,172],"class_list":["post-8488","post","type-post","status-publish","format-standard","has-post-thumbnail","hentry","category-allgemein","category-arbeiten-bei-adel-link","tag-agentur","tag-mental-health","tag-praevention","tag-psyche","tag-psychische-gesundheit"],"translation":{"provider":"WPGlobus","version":"3.0.2","language":"en","enabled_languages":["de","en"],"languages":{"de":{"title":true,"content":true,"excerpt":false},"en":{"title":false,"content":false,"excerpt":false}}},"yoast_head":"<!-- This site is optimized with the Yoast SEO plugin v27.5 - https:\/\/yoast.com\/product\/yoast-seo-wordpress\/ -->\n<title>Mental Health im Job<\/title>\n<meta name=\"robots\" content=\"index, follow, max-snippet:-1, max-image-preview:large, max-video-preview:-1\" \/>\n<link rel=\"canonical\" href=\"https:\/\/adellink.de\/mental-health-im-job-tipps\/\" \/>\n<meta property=\"og:locale\" content=\"en_US\" \/>\n<meta property=\"og:type\" content=\"article\" \/>\n<meta property=\"og:title\" content=\"Mental Health im Job: Tipps f\u00fcr den Berufsalltag (Teil 2) | Adel &amp; Link Public Relations\" \/>\n<meta property=\"og:url\" content=\"https:\/\/adellink.de\/mental-health-im-job-tipps\/\" \/>\n<meta property=\"og:site_name\" content=\"Adel &amp; Link Public Relations\" \/>\n<meta property=\"article:publisher\" content=\"https:\/\/www.facebook.com\/adellinkpr\/\" \/>\n<meta property=\"article:published_time\" content=\"2025-01-17T11:17:48+00:00\" \/>\n<meta property=\"article:modified_time\" content=\"2025-01-17T11:19:05+00:00\" \/>\n<meta property=\"og:image\" content=\"https:\/\/adellink.de\/wp-content\/uploads\/2025\/01\/2501.16_Al_BlogPost_Mental-Health-scaled.jpg\" \/>\n\t<meta property=\"og:image:width\" content=\"2560\" \/>\n\t<meta property=\"og:image:height\" content=\"1450\" \/>\n\t<meta property=\"og:image:type\" content=\"image\/jpeg\" \/>\n<meta name=\"author\" content=\"TEAM\" \/>\n<meta name=\"twitter:card\" content=\"summary_large_image\" \/>\n<meta name=\"twitter:creator\" content=\"@adellinkpr\" \/>\n<meta name=\"twitter:site\" content=\"@adellinkpr\" \/>\n<meta name=\"twitter:label1\" content=\"Written by\" \/>\n\t<meta name=\"twitter:data1\" content=\"TEAM\" \/>\n\t<meta name=\"twitter:label2\" content=\"Est. reading time\" \/>\n\t<meta name=\"twitter:data2\" content=\"5 minutes\" \/>\n<script type=\"application\/ld+json\" class=\"yoast-schema-graph\">{\"@context\":\"https:\\\/\\\/schema.org\",\"@graph\":[{\"@type\":\"Article\",\"@id\":\"https:\\\/\\\/adellink.de\\\/mental-health-im-job-tipps\\\/#article\",\"isPartOf\":{\"@id\":\"https:\\\/\\\/adellink.de\\\/mental-health-im-job-tipps\\\/\"},\"author\":{\"name\":\"TEAM\",\"@id\":\"https:\\\/\\\/adellink.de\\\/en\\\/#\\\/schema\\\/person\\\/47c0224bd634dbdeed46f4b0df21c2c7\"},\"headline\":\"Mental Health im Job: Tipps f\u00fcr den Berufsalltag (Teil 2)\",\"datePublished\":\"2025-01-17T11:17:48+00:00\",\"dateModified\":\"2025-01-17T11:19:05+00:00\",\"mainEntityOfPage\":{\"@id\":\"https:\\\/\\\/adellink.de\\\/mental-health-im-job-tipps\\\/\"},\"wordCount\":778,\"publisher\":{\"@id\":\"https:\\\/\\\/adellink.de\\\/en\\\/#organization\"},\"image\":{\"@id\":\"https:\\\/\\\/adellink.de\\\/mental-health-im-job-tipps\\\/#primaryimage\"},\"thumbnailUrl\":\"https:\\\/\\\/adellink.de\\\/wp-content\\\/uploads\\\/2025\\\/01\\\/2501.16_Al_BlogPost_Mental-Health-scaled.jpg\",\"keywords\":[\"Agentur\",\"Mental Health\",\"Pr\u00e4vention\",\"Psyche\",\"psychische Gesundheit\"],\"articleSection\":[\"Allgemein\",\"Arbeiten bei Adel &amp; Link\"],\"inLanguage\":\"en-US\"},{\"@type\":\"WebPage\",\"@id\":\"https:\\\/\\\/adellink.de\\\/mental-health-im-job-tipps\\\/\",\"url\":\"https:\\\/\\\/adellink.de\\\/mental-health-im-job-tipps\\\/\",\"name\":\"Mental Health im Job\",\"isPartOf\":{\"@id\":\"https:\\\/\\\/adellink.de\\\/en\\\/#website\"},\"primaryImageOfPage\":{\"@id\":\"https:\\\/\\\/adellink.de\\\/mental-health-im-job-tipps\\\/#primaryimage\"},\"image\":{\"@id\":\"https:\\\/\\\/adellink.de\\\/mental-health-im-job-tipps\\\/#primaryimage\"},\"thumbnailUrl\":\"https:\\\/\\\/adellink.de\\\/wp-content\\\/uploads\\\/2025\\\/01\\\/2501.16_Al_BlogPost_Mental-Health-scaled.jpg\",\"datePublished\":\"2025-01-17T11:17:48+00:00\",\"dateModified\":\"2025-01-17T11:19:05+00:00\",\"description\":\"Weniger Stress, mehr Resilienz: Mental-Health-Ideen f\u00fcr den Berufsalltag \u2013 mit positiven Auswirkungen f\u00fcr alle Beteiligten.\",\"breadcrumb\":{\"@id\":\"https:\\\/\\\/adellink.de\\\/mental-health-im-job-tipps\\\/#breadcrumb\"},\"inLanguage\":\"en-US\",\"potentialAction\":[{\"@type\":\"ReadAction\",\"target\":[\"https:\\\/\\\/adellink.de\\\/mental-health-im-job-tipps\\\/\"]}]},{\"@type\":\"ImageObject\",\"inLanguage\":\"en-US\",\"@id\":\"https:\\\/\\\/adellink.de\\\/mental-health-im-job-tipps\\\/#primaryimage\",\"url\":\"https:\\\/\\\/adellink.de\\\/wp-content\\\/uploads\\\/2025\\\/01\\\/2501.16_Al_BlogPost_Mental-Health-scaled.jpg\",\"contentUrl\":\"https:\\\/\\\/adellink.de\\\/wp-content\\\/uploads\\\/2025\\\/01\\\/2501.16_Al_BlogPost_Mental-Health-scaled.jpg\",\"width\":2560,\"height\":1450,\"caption\":\"Illustration zeigt verschiedene Symbole wie Mensch beim Yoga, Laptop und Handy\"},{\"@type\":\"BreadcrumbList\",\"@id\":\"https:\\\/\\\/adellink.de\\\/mental-health-im-job-tipps\\\/#breadcrumb\",\"itemListElement\":[{\"@type\":\"ListItem\",\"position\":1,\"name\":\"Startseite\",\"item\":\"https:\\\/\\\/adellink.de\\\/\"},{\"@type\":\"ListItem\",\"position\":2,\"name\":\"Mental Health im Job: Tipps f\u00fcr den Berufsalltag (Teil 2)\"}]},{\"@type\":\"WebSite\",\"@id\":\"https:\\\/\\\/adellink.de\\\/en\\\/#website\",\"url\":\"https:\\\/\\\/adellink.de\\\/en\\\/\",\"name\":\"Adel & Link Public Relations\",\"description\":\"\",\"publisher\":{\"@id\":\"https:\\\/\\\/adellink.de\\\/en\\\/#organization\"},\"potentialAction\":[{\"@type\":\"SearchAction\",\"target\":{\"@type\":\"EntryPoint\",\"urlTemplate\":\"https:\\\/\\\/adellink.de\\\/en\\\/?s={search_term_string}\"},\"query-input\":{\"@type\":\"PropertyValueSpecification\",\"valueRequired\":true,\"valueName\":\"search_term_string\"}}],\"inLanguage\":\"en-US\"},{\"@type\":\"Organization\",\"@id\":\"https:\\\/\\\/adellink.de\\\/en\\\/#organization\",\"name\":\"Adel&Link Public Relations\",\"url\":\"https:\\\/\\\/adellink.de\\\/en\\\/\",\"logo\":{\"@type\":\"ImageObject\",\"inLanguage\":\"en-US\",\"@id\":\"https:\\\/\\\/adellink.de\\\/en\\\/#\\\/schema\\\/logo\\\/image\\\/\",\"url\":\"https:\\\/\\\/adellink.de\\\/wp-content\\\/uploads\\\/2020\\\/09\\\/2019_al_logo_BK_300px.png\",\"contentUrl\":\"https:\\\/\\\/adellink.de\\\/wp-content\\\/uploads\\\/2020\\\/09\\\/2019_al_logo_BK_300px.png\",\"width\":1251,\"height\":376,\"caption\":\"Adel&Link Public Relations\"},\"image\":{\"@id\":\"https:\\\/\\\/adellink.de\\\/en\\\/#\\\/schema\\\/logo\\\/image\\\/\"},\"sameAs\":[\"https:\\\/\\\/www.facebook.com\\\/adellinkpr\\\/\",\"https:\\\/\\\/x.com\\\/adellinkpr\",\"https:\\\/\\\/www.instagram.com\\\/adellinkpr\\\/?hl=de\",\"https:\\\/\\\/www.linkedin.com\\\/company\\\/adel-&amp;-link-public-relations\\\/?originalSubdomain=de\"]},{\"@type\":\"Person\",\"@id\":\"https:\\\/\\\/adellink.de\\\/en\\\/#\\\/schema\\\/person\\\/47c0224bd634dbdeed46f4b0df21c2c7\",\"name\":\"TEAM\",\"image\":{\"@type\":\"ImageObject\",\"inLanguage\":\"en-US\",\"@id\":\"https:\\\/\\\/secure.gravatar.com\\\/avatar\\\/c8732322cf4ab0a0490c34da7c1fad53076f9a8e7b1ee6e252b429bdaca587b7?s=96&d=mm&r=g\",\"url\":\"https:\\\/\\\/secure.gravatar.com\\\/avatar\\\/c8732322cf4ab0a0490c34da7c1fad53076f9a8e7b1ee6e252b429bdaca587b7?s=96&d=mm&r=g\",\"contentUrl\":\"https:\\\/\\\/secure.gravatar.com\\\/avatar\\\/c8732322cf4ab0a0490c34da7c1fad53076f9a8e7b1ee6e252b429bdaca587b7?s=96&d=mm&r=g\",\"caption\":\"TEAM\"},\"url\":\"https:\\\/\\\/adellink.de\\\/en\\\/author\\\/team\\\/\"}]}<\/script>\n<!-- \/ Yoast SEO plugin. -->","yoast_head_json":{"title":"Mental Health im Job","robots":{"index":"index","follow":"follow","max-snippet":"max-snippet:-1","max-image-preview":"max-image-preview:large","max-video-preview":"max-video-preview:-1"},"canonical":"https:\/\/adellink.de\/mental-health-im-job-tipps\/","og_locale":"en_US","og_type":"article","og_title":"Mental Health im Job: Tipps f\u00fcr den Berufsalltag (Teil 2) | Adel &amp; Link Public Relations","og_url":"https:\/\/adellink.de\/mental-health-im-job-tipps\/","og_site_name":"Adel &amp; Link Public Relations","article_publisher":"https:\/\/www.facebook.com\/adellinkpr\/","article_published_time":"2025-01-17T11:17:48+00:00","article_modified_time":"2025-01-17T11:19:05+00:00","og_image":[{"width":2560,"height":1450,"url":"https:\/\/adellink.de\/wp-content\/uploads\/2025\/01\/2501.16_Al_BlogPost_Mental-Health-scaled.jpg","type":"image\/jpeg"}],"author":"TEAM","twitter_card":"summary_large_image","twitter_creator":"@adellinkpr","twitter_site":"@adellinkpr","twitter_misc":{"Written by":"TEAM","Est. reading time":"5 minutes"},"schema":{"@context":"https:\/\/schema.org","@graph":[{"@type":"Article","@id":"https:\/\/adellink.de\/mental-health-im-job-tipps\/#article","isPartOf":{"@id":"https:\/\/adellink.de\/mental-health-im-job-tipps\/"},"author":{"name":"TEAM","@id":"https:\/\/adellink.de\/en\/#\/schema\/person\/47c0224bd634dbdeed46f4b0df21c2c7"},"headline":"Mental Health im Job: Tipps f\u00fcr den Berufsalltag (Teil 2)","datePublished":"2025-01-17T11:17:48+00:00","dateModified":"2025-01-17T11:19:05+00:00","mainEntityOfPage":{"@id":"https:\/\/adellink.de\/mental-health-im-job-tipps\/"},"wordCount":778,"publisher":{"@id":"https:\/\/adellink.de\/en\/#organization"},"image":{"@id":"https:\/\/adellink.de\/mental-health-im-job-tipps\/#primaryimage"},"thumbnailUrl":"https:\/\/adellink.de\/wp-content\/uploads\/2025\/01\/2501.16_Al_BlogPost_Mental-Health-scaled.jpg","keywords":["Agentur","Mental Health","Pr\u00e4vention","Psyche","psychische Gesundheit"],"articleSection":["Allgemein","Arbeiten bei Adel &amp; Link"],"inLanguage":"en-US"},{"@type":"WebPage","@id":"https:\/\/adellink.de\/mental-health-im-job-tipps\/","url":"https:\/\/adellink.de\/mental-health-im-job-tipps\/","name":"Mental Health im Job","isPartOf":{"@id":"https:\/\/adellink.de\/en\/#website"},"primaryImageOfPage":{"@id":"https:\/\/adellink.de\/mental-health-im-job-tipps\/#primaryimage"},"image":{"@id":"https:\/\/adellink.de\/mental-health-im-job-tipps\/#primaryimage"},"thumbnailUrl":"https:\/\/adellink.de\/wp-content\/uploads\/2025\/01\/2501.16_Al_BlogPost_Mental-Health-scaled.jpg","datePublished":"2025-01-17T11:17:48+00:00","dateModified":"2025-01-17T11:19:05+00:00","description":"Weniger Stress, mehr Resilienz: Mental-Health-Ideen f\u00fcr den Berufsalltag \u2013 mit positiven Auswirkungen f\u00fcr alle Beteiligten.","breadcrumb":{"@id":"https:\/\/adellink.de\/mental-health-im-job-tipps\/#breadcrumb"},"inLanguage":"en-US","potentialAction":[{"@type":"ReadAction","target":["https:\/\/adellink.de\/mental-health-im-job-tipps\/"]}]},{"@type":"ImageObject","inLanguage":"en-US","@id":"https:\/\/adellink.de\/mental-health-im-job-tipps\/#primaryimage","url":"https:\/\/adellink.de\/wp-content\/uploads\/2025\/01\/2501.16_Al_BlogPost_Mental-Health-scaled.jpg","contentUrl":"https:\/\/adellink.de\/wp-content\/uploads\/2025\/01\/2501.16_Al_BlogPost_Mental-Health-scaled.jpg","width":2560,"height":1450,"caption":"Illustration zeigt verschiedene Symbole wie Mensch beim Yoga, Laptop und Handy"},{"@type":"BreadcrumbList","@id":"https:\/\/adellink.de\/mental-health-im-job-tipps\/#breadcrumb","itemListElement":[{"@type":"ListItem","position":1,"name":"Startseite","item":"https:\/\/adellink.de\/"},{"@type":"ListItem","position":2,"name":"Mental Health im Job: Tipps f\u00fcr den Berufsalltag (Teil 2)"}]},{"@type":"WebSite","@id":"https:\/\/adellink.de\/en\/#website","url":"https:\/\/adellink.de\/en\/","name":"Adel & Link Public Relations","description":"","publisher":{"@id":"https:\/\/adellink.de\/en\/#organization"},"potentialAction":[{"@type":"SearchAction","target":{"@type":"EntryPoint","urlTemplate":"https:\/\/adellink.de\/en\/?s={search_term_string}"},"query-input":{"@type":"PropertyValueSpecification","valueRequired":true,"valueName":"search_term_string"}}],"inLanguage":"en-US"},{"@type":"Organization","@id":"https:\/\/adellink.de\/en\/#organization","name":"Adel&Link Public Relations","url":"https:\/\/adellink.de\/en\/","logo":{"@type":"ImageObject","inLanguage":"en-US","@id":"https:\/\/adellink.de\/en\/#\/schema\/logo\/image\/","url":"https:\/\/adellink.de\/wp-content\/uploads\/2020\/09\/2019_al_logo_BK_300px.png","contentUrl":"https:\/\/adellink.de\/wp-content\/uploads\/2020\/09\/2019_al_logo_BK_300px.png","width":1251,"height":376,"caption":"Adel&Link Public Relations"},"image":{"@id":"https:\/\/adellink.de\/en\/#\/schema\/logo\/image\/"},"sameAs":["https:\/\/www.facebook.com\/adellinkpr\/","https:\/\/x.com\/adellinkpr","https:\/\/www.instagram.com\/adellinkpr\/?hl=de","https:\/\/www.linkedin.com\/company\/adel-&amp;-link-public-relations\/?originalSubdomain=de"]},{"@type":"Person","@id":"https:\/\/adellink.de\/en\/#\/schema\/person\/47c0224bd634dbdeed46f4b0df21c2c7","name":"TEAM","image":{"@type":"ImageObject","inLanguage":"en-US","@id":"https:\/\/secure.gravatar.com\/avatar\/c8732322cf4ab0a0490c34da7c1fad53076f9a8e7b1ee6e252b429bdaca587b7?s=96&d=mm&r=g","url":"https:\/\/secure.gravatar.com\/avatar\/c8732322cf4ab0a0490c34da7c1fad53076f9a8e7b1ee6e252b429bdaca587b7?s=96&d=mm&r=g","contentUrl":"https:\/\/secure.gravatar.com\/avatar\/c8732322cf4ab0a0490c34da7c1fad53076f9a8e7b1ee6e252b429bdaca587b7?s=96&d=mm&r=g","caption":"TEAM"},"url":"https:\/\/adellink.de\/en\/author\/team\/"}]}},"_links":{"self":[{"href":"https:\/\/adellink.de\/en\/wp-json\/wp\/v2\/posts\/8488","targetHints":{"allow":["GET"]}}],"collection":[{"href":"https:\/\/adellink.de\/en\/wp-json\/wp\/v2\/posts"}],"about":[{"href":"https:\/\/adellink.de\/en\/wp-json\/wp\/v2\/types\/post"}],"author":[{"embeddable":true,"href":"https:\/\/adellink.de\/en\/wp-json\/wp\/v2\/users\/4"}],"replies":[{"embeddable":true,"href":"https:\/\/adellink.de\/en\/wp-json\/wp\/v2\/comments?post=8488"}],"version-history":[{"count":17,"href":"https:\/\/adellink.de\/en\/wp-json\/wp\/v2\/posts\/8488\/revisions"}],"predecessor-version":[{"id":8509,"href":"https:\/\/adellink.de\/en\/wp-json\/wp\/v2\/posts\/8488\/revisions\/8509"}],"wp:featuredmedia":[{"embeddable":true,"href":"https:\/\/adellink.de\/en\/wp-json\/wp\/v2\/media\/8501"}],"wp:attachment":[{"href":"https:\/\/adellink.de\/en\/wp-json\/wp\/v2\/media?parent=8488"}],"wp:term":[{"taxonomy":"category","embeddable":true,"href":"https:\/\/adellink.de\/en\/wp-json\/wp\/v2\/categories?post=8488"},{"taxonomy":"post_tag","embeddable":true,"href":"https:\/\/adellink.de\/en\/wp-json\/wp\/v2\/tags?post=8488"}],"curies":[{"name":"wp","href":"https:\/\/api.w.org\/{rel}","templated":true}]}}