{"id":8593,"date":"2025-03-11T13:31:01","date_gmt":"2025-03-11T12:31:01","guid":{"rendered":"https:\/\/adellink.de\/?p=8593"},"modified":"2025-03-12T10:21:36","modified_gmt":"2025-03-12T09:21:36","slug":"trends-popcorn-und-neue-perspektiven","status":"publish","type":"post","link":"https:\/\/adellink.de\/en\/trends-popcorn-und-neue-perspektiven\/","title":{"rendered":"Trends, Popcorn und neue Perspektiven"},"content":{"rendered":"<h4>Am 20. Februar hie\u00df es B\u00fchne frei f\u00fcr einen Premierenabend der inspirierenden Art: F\u00fcr unsere 13. Trendvernissage luden wir erstmals in unser neues Office im Frankfurter Stadtteil Bockenheim ein.<\/h4>\n<p><!--more--><\/p>\n<div id=\"attachment_8600\" style=\"width: 596px\" class=\"wp-caption aligncenter\"><img loading=\"lazy\" decoding=\"async\" aria-describedby=\"caption-attachment-8600\" class=\" wp-image-8600\" src=\"https:\/\/adellink.de\/wp-content\/uploads\/2025\/03\/2_adel_link_trendvernissage_2025_begruessung-300x200.jpeg\" alt=\"Natalie Link, links auf dem Foto, und Matthias Adel, rechts auf dem Foto, halten die Er\u00f6ffnungsrede zur Trendvernissage in den Agenturr\u00e4umen vor Pulikum.\" width=\"586\" height=\"390\" srcset=\"https:\/\/adellink.de\/wp-content\/uploads\/2025\/03\/2_adel_link_trendvernissage_2025_begruessung-300x200.jpeg 300w, https:\/\/adellink.de\/wp-content\/uploads\/2025\/03\/2_adel_link_trendvernissage_2025_begruessung-1024x683.jpeg 1024w, https:\/\/adellink.de\/wp-content\/uploads\/2025\/03\/2_adel_link_trendvernissage_2025_begruessung-768x512.jpeg 768w, https:\/\/adellink.de\/wp-content\/uploads\/2025\/03\/2_adel_link_trendvernissage_2025_begruessung-1536x1025.jpeg 1536w, https:\/\/adellink.de\/wp-content\/uploads\/2025\/03\/2_adel_link_trendvernissage_2025_begruessung-2048x1366.jpeg 2048w, https:\/\/adellink.de\/wp-content\/uploads\/2025\/03\/2_adel_link_trendvernissage_2025_begruessung-700x467.jpeg 700w\" sizes=\"auto, (max-width: 586px) 100vw, 586px\" \/><p id=\"caption-attachment-8600\" class=\"wp-caption-text\">Natalie Link und Matthias Adel begr\u00fc\u00dfen alle Eingeladenen auf der Trendvernissage #13.<\/p><\/div>\n<p>&nbsp;<\/p>\n<p><span style=\"font-weight: 400;\">So lange die PR-Agentur Adel &amp; Link besteht, so lange gibt es unser Kreativformat. Die Trendvernissage steht f\u00fcr Vernetzung, Inspiration und Austausch. Die jeweiligen <a href=\"https:\/\/adellink.de\/trends\/\" target=\"_blank\" rel=\"noopener\">Trendthemen<\/a> definiert das ganze Team im offenen Prozess. In diesem Jahr waren die 85 verf\u00fcgbaren Tickets so schnell ausgebucht wie noch nie. Nach einem lockeren Get-together zu Beginn ging es ran an die Popcornt\u00fcten und drei Stockwerke tiefer in den Kinosaal von <\/span><a href=\"https:\/\/www.orfeos.net\/\" target=\"_blank\" rel=\"noopener\"><span style=\"font-weight: 400;\">Orfeo\u2018s Erben<\/span><\/a><span style=\"font-weight: 400;\">. Dort warteten drei interaktive Impulse unserer Trend-Expert:innen, die jede Menge Diskussionsbedarf bereithielten.<\/span><\/p>\n<h2><b>Wie KI-Agenten unsere Arbeitswelt ver\u00e4ndern<\/b><\/h2>\n<p><span style=\"font-weight: 400;\">Wenn wir an gesellschaftliche Ver\u00e4nderungen und Kontroversen denken, kommen wir an ihr nicht vorbei: KI pr\u00e4gt zunehmend unseren Alltag und unsere Branche. Zu unserem Trendthema <\/span><b>Agent AI<\/b><span style=\"font-weight: 400;\"> hatte Matthias Lein Beispiele daf\u00fcr mitgebracht, wie KI-Agenten in der Industrie 5.0 Alltagsaufgaben \u00fcbernehmen und uns mehr Freiraum f\u00fcr kreativere Aufgaben schenken k\u00f6nnen.<\/span><\/p>\n<div id=\"attachment_8605\" style=\"width: 533px\" class=\"wp-caption aligncenter\"><img loading=\"lazy\" decoding=\"async\" aria-describedby=\"caption-attachment-8605\" class=\" wp-image-8605\" src=\"https:\/\/adellink.de\/wp-content\/uploads\/2025\/03\/3_adel_link_trendvernissage_2025_matthias_lein_agent_ai_QF-2-300x200.jpeg\" alt=\"Dr. Matthias Lein beim Vortrag vor Publikum.\" width=\"523\" height=\"348\" srcset=\"https:\/\/adellink.de\/wp-content\/uploads\/2025\/03\/3_adel_link_trendvernissage_2025_matthias_lein_agent_ai_QF-2-300x200.jpeg 300w, https:\/\/adellink.de\/wp-content\/uploads\/2025\/03\/3_adel_link_trendvernissage_2025_matthias_lein_agent_ai_QF-2-1024x683.jpeg 1024w, https:\/\/adellink.de\/wp-content\/uploads\/2025\/03\/3_adel_link_trendvernissage_2025_matthias_lein_agent_ai_QF-2-768x512.jpeg 768w, https:\/\/adellink.de\/wp-content\/uploads\/2025\/03\/3_adel_link_trendvernissage_2025_matthias_lein_agent_ai_QF-2-1536x1025.jpeg 1536w, https:\/\/adellink.de\/wp-content\/uploads\/2025\/03\/3_adel_link_trendvernissage_2025_matthias_lein_agent_ai_QF-2-2048x1366.jpeg 2048w, https:\/\/adellink.de\/wp-content\/uploads\/2025\/03\/3_adel_link_trendvernissage_2025_matthias_lein_agent_ai_QF-2-700x467.jpeg 700w\" sizes=\"auto, (max-width: 523px) 100vw, 523px\" \/><p id=\"caption-attachment-8605\" class=\"wp-caption-text\">Dr. Matthias Lein, Chief Technology Officer bei der Data-Engineering-Beratung Alexander Thamm, gibt Einblicke zum Thema Agent AI.<\/p><\/div>\n<p>&nbsp;<\/p>\n<p><span style=\"font-weight: 400;\">Mehr Effizienz, bessere Datennutzung und erh\u00f6hte Sicherheit in der Industrie 5.0 versprechen die Softwareprogramme mit intelligentem Eigenleben \u2013 doch sie ben\u00f6tigen menschliche Kontrolle mit Kenntnis ihrer Grenzen sowie eine clevere Orchestrierung. Unsere Arbeitswelt werden die personalisierten Assistenzsysteme nachhaltig ver\u00e4ndern.<\/span><\/p>\n<h2><b>Vom Scrollen zum Schm\u00f6kern<\/b><\/h2>\n<p><span style=\"font-weight: 400;\">Weniger zahlenspezifisch, daf\u00fcr umso fantasievoller ging es bei unserem Trend <\/span><b>Next Chapter <\/b><span style=\"font-weight: 400;\">zu. Mit actionreichen Romanzen ist es dem Genre New Adult gelungen, dass eine digital native Generation gedruckte B\u00fccher wertsch\u00e4tzt, sammelt und liest. So erreichte die Save-me-Trilogie von Mona Kasten eine deutschsprachige Gesamtauflage von \u00fcber 1,5 Millionen Exemplaren und eine eigene Miniserie in 24 L\u00e4ndern.<\/span><\/p>\n<div id=\"attachment_8606\" style=\"width: 542px\" class=\"wp-caption aligncenter\"><img loading=\"lazy\" decoding=\"async\" aria-describedby=\"caption-attachment-8606\" class=\" wp-image-8606\" src=\"https:\/\/adellink.de\/wp-content\/uploads\/2025\/03\/4_adel_link_trendvernissage_2025_theresa_haubs_next_chapter_QF-300x200.jpeg\" alt=\"Bookfluencerin Theresa Haubs im Gespr\u00e4ch mit Laura Klingelh\u00f6fer von Adel und Link. Im Hintergrund ist ihre Pr\u00e4sentation zu sehen mit einer \u00dcbersicht ihrer Book Talks auf Instagram.\" width=\"532\" height=\"354\" srcset=\"https:\/\/adellink.de\/wp-content\/uploads\/2025\/03\/4_adel_link_trendvernissage_2025_theresa_haubs_next_chapter_QF-300x200.jpeg 300w, https:\/\/adellink.de\/wp-content\/uploads\/2025\/03\/4_adel_link_trendvernissage_2025_theresa_haubs_next_chapter_QF-1024x683.jpeg 1024w, https:\/\/adellink.de\/wp-content\/uploads\/2025\/03\/4_adel_link_trendvernissage_2025_theresa_haubs_next_chapter_QF-768x512.jpeg 768w, https:\/\/adellink.de\/wp-content\/uploads\/2025\/03\/4_adel_link_trendvernissage_2025_theresa_haubs_next_chapter_QF-1536x1025.jpeg 1536w, https:\/\/adellink.de\/wp-content\/uploads\/2025\/03\/4_adel_link_trendvernissage_2025_theresa_haubs_next_chapter_QF-2048x1366.jpeg 2048w, https:\/\/adellink.de\/wp-content\/uploads\/2025\/03\/4_adel_link_trendvernissage_2025_theresa_haubs_next_chapter_QF-700x467.jpeg 700w\" sizes=\"auto, (max-width: 532px) 100vw, 532px\" \/><p id=\"caption-attachment-8606\" class=\"wp-caption-text\">Bookfluencerin Theresa Haubs teilt auf ihrem Profil @bookslove128 ihre Leseerfahrungen in dem Genre New Adult.<\/p><\/div>\n<p>&nbsp;<\/p>\n<p><span style=\"font-weight: 400;\">Buchbloggerin <a href=\"https:\/\/www.instagram.com\/bookslove128\/?hl=de\" target=\"_blank\" rel=\"noopener\">Theresa Haubs<\/a> gab im Interview spannende Einblicke in das erfolgreiche Genre, das seine Fans mit Fantasy, Erotik und Thrill fesselt. Besonders Menschen im Alter zwischen 18 und 30 Jahren finden in der New-Adult-Sparte Themen ihrer Lebensrealit\u00e4t in fiktionalen Settings wieder: Die Storylines st\u00e4rken empathische F\u00e4higkeiten und f\u00f6rdern die Auseinandersetzung mit Herausforderungen wie Identit\u00e4tsfindung, Empowerment, Queerness, Gleichberechtigung und Diskriminierungserfahrungen. So ist eine ganze Community entstanden, die sich per Social Media unterst\u00fctzt und inspiriert und den Boom von New Adult in den Buchl\u00e4den und auf Buchmessen vorantreibt.<\/span><\/p>\n<h2><b>Grief-Tech als digitales Verm\u00e4chtnis<\/b><\/h2>\n<p><span style=\"font-weight: 400;\">Matthias Meitzler arbeitet an der Universit\u00e4t T\u00fcbingen und forscht zum Thema <\/span><b>Digital Afterlife.<\/b><span style=\"font-weight: 400;\"> Er nahm uns in seinem Impulsvortrag mit in die Welt der virtuellen Wiederauferstehung. W\u00e4hrend in Japan und den USA schon zahlreiche Unternehmen an digitalen Versionen von Verstorbenen arbeiten, ist der Trend bei uns noch eher ein Nischenthema.<\/span><\/p>\n<div id=\"attachment_8608\" style=\"width: 558px\" class=\"wp-caption aligncenter\"><img loading=\"lazy\" decoding=\"async\" aria-describedby=\"caption-attachment-8608\" class=\" wp-image-8608\" src=\"https:\/\/adellink.de\/wp-content\/uploads\/2025\/03\/5_adel_link_trendvernissage_2025_matthias_meitzler_digital_afterlife_2-300x200.jpeg\" alt=\"Matthias Meitzler ist bei seinem Vortrag vor Publikum im Kinosaal zu sehen.\" width=\"548\" height=\"365\" srcset=\"https:\/\/adellink.de\/wp-content\/uploads\/2025\/03\/5_adel_link_trendvernissage_2025_matthias_meitzler_digital_afterlife_2-300x200.jpeg 300w, https:\/\/adellink.de\/wp-content\/uploads\/2025\/03\/5_adel_link_trendvernissage_2025_matthias_meitzler_digital_afterlife_2-1024x683.jpeg 1024w, https:\/\/adellink.de\/wp-content\/uploads\/2025\/03\/5_adel_link_trendvernissage_2025_matthias_meitzler_digital_afterlife_2-768x512.jpeg 768w, https:\/\/adellink.de\/wp-content\/uploads\/2025\/03\/5_adel_link_trendvernissage_2025_matthias_meitzler_digital_afterlife_2-1536x1025.jpeg 1536w, https:\/\/adellink.de\/wp-content\/uploads\/2025\/03\/5_adel_link_trendvernissage_2025_matthias_meitzler_digital_afterlife_2-2048x1366.jpeg 2048w, https:\/\/adellink.de\/wp-content\/uploads\/2025\/03\/5_adel_link_trendvernissage_2025_matthias_meitzler_digital_afterlife_2-700x467.jpeg 700w\" sizes=\"auto, (max-width: 548px) 100vw, 548px\" \/><p id=\"caption-attachment-8608\" class=\"wp-caption-text\">Matthias Meitzler diskutiert KI-generierte L\u00f6sungen zum digitalen Weiterexistieren nach dem Tod.<\/p><\/div>\n<p>&nbsp;<\/p>\n<p><span style=\"font-weight: 400;\">Wichtig sind vor allem ethische Gesichtspunkte, so Matthias. Wo liegen die Rechte und Pflichten f\u00fcr Unternehmen in diesem Feld \u2013 und wo die Grenzen. Eine digitale Version einer verstorbenen Person, die eine Trauerrede h\u00e4lt, oder ein Chatbot, der aus dem Jenseits tr\u00f6stet \u2013 wer darf so etwas beauftragen? Und was geschieht dann noch mit den eingespeisten pers\u00f6nlichen Daten? Einen Tipp gab uns Matthias Meitzler an die Hand: Wer eine KI-Version als Daten-Erben plant, sollte klug \u00fcberlegen, welche pers\u00f6nlichen Inhalte und Aussagen sich zum KI-Training eignen \u2013 und welche vielleicht besser nicht.<\/span><\/p>\n<h2><b>Interaktive Ausstellung zu Life in Sync<\/b><\/h2>\n<p><span style=\"font-weight: 400;\">Das vierte Trendthema dieses Jahres konnten die Eingeladenen in den Agenturr\u00e4umen erkunden.<\/span> <span style=\"font-weight: 400;\">In einer interaktiven Ausstellung in unserem Konferenzraum standen neben einer thematischen Einf\u00fchrung zum zyklusorientierten Arbeiten und Leben Tracking-Ger\u00e4te und Apps zum Ausprobieren bereit. Mit Brainstorming-Wand und Diskussionskarten gab es viele M\u00f6glichkeiten, um das Thema <\/span><b>Life in Sync<\/b><span style=\"font-weight: 400;\"> im gemeinsamen Austausch zu vertiefen.<\/span><\/p>\n<div id=\"attachment_8616\" style=\"width: 584px\" class=\"wp-caption aligncenter\"><img loading=\"lazy\" decoding=\"async\" aria-describedby=\"caption-attachment-8616\" class=\" wp-image-8616\" src=\"https:\/\/adellink.de\/wp-content\/uploads\/2025\/03\/6_adel_link_trendvernissage_2025_life_in_sync_Karten-300x200.jpeg\" alt=\"Ein Stapel von Diskussionskarten liegt auf einem Tisch. Auf der oben liegenden Karte ist folgender Satz zu lesen: Welche Trends oder Entwicklungen verfolgst du derzeit in deiner Branche?\" width=\"574\" height=\"382\" srcset=\"https:\/\/adellink.de\/wp-content\/uploads\/2025\/03\/6_adel_link_trendvernissage_2025_life_in_sync_Karten-300x200.jpeg 300w, https:\/\/adellink.de\/wp-content\/uploads\/2025\/03\/6_adel_link_trendvernissage_2025_life_in_sync_Karten-1024x683.jpeg 1024w, https:\/\/adellink.de\/wp-content\/uploads\/2025\/03\/6_adel_link_trendvernissage_2025_life_in_sync_Karten-768x512.jpeg 768w, https:\/\/adellink.de\/wp-content\/uploads\/2025\/03\/6_adel_link_trendvernissage_2025_life_in_sync_Karten-1536x1025.jpeg 1536w, https:\/\/adellink.de\/wp-content\/uploads\/2025\/03\/6_adel_link_trendvernissage_2025_life_in_sync_Karten-2048x1366.jpeg 2048w, https:\/\/adellink.de\/wp-content\/uploads\/2025\/03\/6_adel_link_trendvernissage_2025_life_in_sync_Karten-700x467.jpeg 700w\" sizes=\"auto, (max-width: 574px) 100vw, 574px\" \/><p id=\"caption-attachment-8616\" class=\"wp-caption-text\">Zum Anschauen, Anfassen und Austauschen lud die Life-in-Sync-Ausstellung auf der Trendvernissage ein.<\/p><\/div>\n<p>&nbsp;<\/p>\n<p><span style=\"font-weight: 400;\">Wer jetzt neugierig geworden ist und mehr zu den Trendthemen erfahren m\u00f6chte: In K\u00fcrze gibt es dazu mehr hier auf unserem <\/span><span style=\"font-weight: 400;\">Blog<\/span><span style=\"font-weight: 400;\">.<\/span><\/p>\n<p>&nbsp;<\/p>\n<p><em><strong>\u00dcber die Autorin Linda Benkner:<\/strong><\/em><\/p>\n<p><em><span style=\"font-weight: 400;\"><img loading=\"lazy\" decoding=\"async\" class=\"alignleft wp-image-8579 size-medium\" src=\"https:\/\/adellink.de\/wp-content\/uploads\/2025\/02\/2016_Homepage_Linda.web_-286x300.jpg\" alt=\"Portr\u00e4tfoto von Linda Benkner, Autorin des Beitrages.\" width=\"286\" height=\"300\" srcset=\"https:\/\/adellink.de\/wp-content\/uploads\/2025\/02\/2016_Homepage_Linda.web_-286x300.jpg 286w, https:\/\/adellink.de\/wp-content\/uploads\/2025\/02\/2016_Homepage_Linda.web_-768x805.jpg 768w, https:\/\/adellink.de\/wp-content\/uploads\/2025\/02\/2016_Homepage_Linda.web_-700x734.jpg 700w, https:\/\/adellink.de\/wp-content\/uploads\/2025\/02\/2016_Homepage_Linda.web_.jpg 930w\" sizes=\"auto, (max-width: 286px) 100vw, 286px\" \/>W\u00e4hrend ihres Germanistik- und Geschichtsstudiums in Bonn arbeitete Linda bereits im Journalismus (Frankfurter Allgemeine Zeitung) und im Lektorat (Suhrkamp Verlag). Um auch die Agenturseite kennenzulernen, absolvierte sie ein PR- Volontariat in Darmstadt \u2013 und fand ihre berufliche Bestimmung im Copywriting und Creative Content. Seit 2016 setzt sie ihre Expertise bei Adel &amp; Link ein \u2013 ob als PR-Trainerin oder bei kreativen Storytelling-Projekten.<\/span><\/em><\/p>\n<p>&nbsp;<\/p>\n<p>&nbsp;<\/p>\n<p>&nbsp;<\/p>\n<p>&nbsp;<\/p>\n<p>&nbsp;<\/p>\n<p>&nbsp;<\/p>\n<p>Header: Adel &amp; Link HIVE Studios<\/p>\n<p>Fotos: <span style=\"font-weight: 400;\">Jonas Reuter (Trendvernissage), Adel &amp; Link (Autorinnenfoto)<\/span><\/p>\n","protected":false},"excerpt":{"rendered":"<p>Am 20. Februar hie\u00df es B\u00fchne frei f\u00fcr einen Premierenabend der inspirierenden Art: F\u00fcr unsere 13. Trendvernissage luden wir erstmals in unser neues Office im Frankfurter Stadtteil Bockenheim ein.<\/p>\n","protected":false},"author":4,"featured_media":8594,"comment_status":"closed","ping_status":"open","sticky":false,"template":"","format":"standard","meta":{"_monsterinsights_skip_tracking":false,"_monsterinsights_sitenote_active":false,"_monsterinsights_sitenote_note":"","_monsterinsights_sitenote_category":0,"footnotes":""},"categories":[47,9,1,38],"tags":[178,136,181,183,180,84,179,182,177,13,112],"class_list":["post-8593","post","type-post","status-publish","format-standard","has-post-thumbnail","hentry","category-agencylife","category-allgemein","category-blog","category-trends","tag-agent-ai","tag-agentur","tag-booktok","tag-digital-afterlife","tag-digital-grief","tag-ki","tag-life-in-sync","tag-new-adult","tag-trends-2025","tag-trendvernissage","tag-zukunft"],"translation":{"provider":"WPGlobus","version":"3.0.2","language":"en","enabled_languages":["de","en"],"languages":{"de":{"title":true,"content":true,"excerpt":false},"en":{"title":false,"content":false,"excerpt":false}}},"yoast_head":"<!-- This site is optimized with the Yoast SEO plugin v27.4 - https:\/\/yoast.com\/product\/yoast-seo-wordpress\/ -->\n<title>Trendvernissage 2025 mit Popcorn und neuen Perspektiven<\/title>\n<meta name=\"robots\" content=\"index, follow, max-snippet:-1, max-image-preview:large, max-video-preview:-1\" \/>\n<link rel=\"canonical\" href=\"https:\/\/adellink.de\/trends-popcorn-und-neue-perspektiven\/\" \/>\n<meta property=\"og:locale\" content=\"en_US\" \/>\n<meta property=\"og:type\" content=\"article\" \/>\n<meta property=\"og:title\" content=\"Trends, Popcorn und neue Perspektiven | Adel &amp; Link Public Relations\" \/>\n<meta property=\"og:url\" content=\"https:\/\/adellink.de\/trends-popcorn-und-neue-perspektiven\/\" \/>\n<meta property=\"og:site_name\" content=\"Adel &amp; Link Public Relations\" \/>\n<meta property=\"article:publisher\" content=\"https:\/\/www.facebook.com\/adellinkpr\/\" \/>\n<meta property=\"article:published_time\" content=\"2025-03-11T12:31:01+00:00\" \/>\n<meta property=\"article:modified_time\" content=\"2025-03-12T09:21:36+00:00\" \/>\n<meta property=\"og:image\" content=\"https:\/\/adellink.de\/wp-content\/uploads\/2025\/03\/2502.10_Blog-Header_1920x1080.jpg\" \/>\n\t<meta property=\"og:image:width\" content=\"1920\" \/>\n\t<meta property=\"og:image:height\" content=\"1080\" \/>\n\t<meta property=\"og:image:type\" content=\"image\/jpeg\" \/>\n<meta name=\"author\" content=\"TEAM\" \/>\n<meta name=\"twitter:card\" content=\"summary_large_image\" \/>\n<meta name=\"twitter:creator\" content=\"@adellinkpr\" \/>\n<meta name=\"twitter:site\" content=\"@adellinkpr\" \/>\n<meta name=\"twitter:label1\" content=\"Written by\" \/>\n\t<meta name=\"twitter:data1\" content=\"TEAM\" \/>\n\t<meta name=\"twitter:label2\" content=\"Est. reading time\" \/>\n\t<meta name=\"twitter:data2\" content=\"6 minutes\" \/>\n<script type=\"application\/ld+json\" class=\"yoast-schema-graph\">{\"@context\":\"https:\\\/\\\/schema.org\",\"@graph\":[{\"@type\":\"Article\",\"@id\":\"https:\\\/\\\/adellink.de\\\/trends-popcorn-und-neue-perspektiven\\\/#article\",\"isPartOf\":{\"@id\":\"https:\\\/\\\/adellink.de\\\/trends-popcorn-und-neue-perspektiven\\\/\"},\"author\":{\"name\":\"TEAM\",\"@id\":\"https:\\\/\\\/adellink.de\\\/en\\\/#\\\/schema\\\/person\\\/47c0224bd634dbdeed46f4b0df21c2c7\"},\"headline\":\"Trends, Popcorn und neue Perspektiven\",\"datePublished\":\"2025-03-11T12:31:01+00:00\",\"dateModified\":\"2025-03-12T09:21:36+00:00\",\"mainEntityOfPage\":{\"@id\":\"https:\\\/\\\/adellink.de\\\/trends-popcorn-und-neue-perspektiven\\\/\"},\"wordCount\":806,\"publisher\":{\"@id\":\"https:\\\/\\\/adellink.de\\\/en\\\/#organization\"},\"image\":{\"@id\":\"https:\\\/\\\/adellink.de\\\/trends-popcorn-und-neue-perspektiven\\\/#primaryimage\"},\"thumbnailUrl\":\"https:\\\/\\\/adellink.de\\\/wp-content\\\/uploads\\\/2025\\\/03\\\/2502.10_Blog-Header_1920x1080.jpg\",\"keywords\":[\"Agent AI\",\"Agentur\",\"BookTok\",\"Digital Afterlife\",\"Digital Grief\",\"KI\",\"Life in Sync\",\"New Adult\",\"Trends 2025\",\"trendvernissage\",\"Zukunft\"],\"articleSection\":[\"Agencylife\",\"Allgemein\",\"Blog\",\"Trends\"],\"inLanguage\":\"en-US\"},{\"@type\":\"WebPage\",\"@id\":\"https:\\\/\\\/adellink.de\\\/trends-popcorn-und-neue-perspektiven\\\/\",\"url\":\"https:\\\/\\\/adellink.de\\\/trends-popcorn-und-neue-perspektiven\\\/\",\"name\":\"Trendvernissage 2025 mit Popcorn und neuen Perspektiven\",\"isPartOf\":{\"@id\":\"https:\\\/\\\/adellink.de\\\/en\\\/#website\"},\"primaryImageOfPage\":{\"@id\":\"https:\\\/\\\/adellink.de\\\/trends-popcorn-und-neue-perspektiven\\\/#primaryimage\"},\"image\":{\"@id\":\"https:\\\/\\\/adellink.de\\\/trends-popcorn-und-neue-perspektiven\\\/#primaryimage\"},\"thumbnailUrl\":\"https:\\\/\\\/adellink.de\\\/wp-content\\\/uploads\\\/2025\\\/03\\\/2502.10_Blog-Header_1920x1080.jpg\",\"datePublished\":\"2025-03-11T12:31:01+00:00\",\"dateModified\":\"2025-03-12T09:21:36+00:00\",\"description\":\"B\u00fchne frei f\u00fcr einen Premierenabend der inspirierenden Art: Adel & Link lud zur 13. Trendvernissage erstmals ins neue Office im Frankfurter Stadtteil Bockenheim ein.\",\"breadcrumb\":{\"@id\":\"https:\\\/\\\/adellink.de\\\/trends-popcorn-und-neue-perspektiven\\\/#breadcrumb\"},\"inLanguage\":\"en-US\",\"potentialAction\":[{\"@type\":\"ReadAction\",\"target\":[\"https:\\\/\\\/adellink.de\\\/trends-popcorn-und-neue-perspektiven\\\/\"]}]},{\"@type\":\"ImageObject\",\"inLanguage\":\"en-US\",\"@id\":\"https:\\\/\\\/adellink.de\\\/trends-popcorn-und-neue-perspektiven\\\/#primaryimage\",\"url\":\"https:\\\/\\\/adellink.de\\\/wp-content\\\/uploads\\\/2025\\\/03\\\/2502.10_Blog-Header_1920x1080.jpg\",\"contentUrl\":\"https:\\\/\\\/adellink.de\\\/wp-content\\\/uploads\\\/2025\\\/03\\\/2502.10_Blog-Header_1920x1080.jpg\",\"width\":1920,\"height\":1080},{\"@type\":\"BreadcrumbList\",\"@id\":\"https:\\\/\\\/adellink.de\\\/trends-popcorn-und-neue-perspektiven\\\/#breadcrumb\",\"itemListElement\":[{\"@type\":\"ListItem\",\"position\":1,\"name\":\"Startseite\",\"item\":\"https:\\\/\\\/adellink.de\\\/\"},{\"@type\":\"ListItem\",\"position\":2,\"name\":\"Trends, Popcorn und neue Perspektiven\"}]},{\"@type\":\"WebSite\",\"@id\":\"https:\\\/\\\/adellink.de\\\/en\\\/#website\",\"url\":\"https:\\\/\\\/adellink.de\\\/en\\\/\",\"name\":\"Adel & Link Public Relations\",\"description\":\"\",\"publisher\":{\"@id\":\"https:\\\/\\\/adellink.de\\\/en\\\/#organization\"},\"potentialAction\":[{\"@type\":\"SearchAction\",\"target\":{\"@type\":\"EntryPoint\",\"urlTemplate\":\"https:\\\/\\\/adellink.de\\\/en\\\/?s={search_term_string}\"},\"query-input\":{\"@type\":\"PropertyValueSpecification\",\"valueRequired\":true,\"valueName\":\"search_term_string\"}}],\"inLanguage\":\"en-US\"},{\"@type\":\"Organization\",\"@id\":\"https:\\\/\\\/adellink.de\\\/en\\\/#organization\",\"name\":\"Adel&Link Public Relations\",\"url\":\"https:\\\/\\\/adellink.de\\\/en\\\/\",\"logo\":{\"@type\":\"ImageObject\",\"inLanguage\":\"en-US\",\"@id\":\"https:\\\/\\\/adellink.de\\\/en\\\/#\\\/schema\\\/logo\\\/image\\\/\",\"url\":\"https:\\\/\\\/adellink.de\\\/wp-content\\\/uploads\\\/2020\\\/09\\\/2019_al_logo_BK_300px.png\",\"contentUrl\":\"https:\\\/\\\/adellink.de\\\/wp-content\\\/uploads\\\/2020\\\/09\\\/2019_al_logo_BK_300px.png\",\"width\":1251,\"height\":376,\"caption\":\"Adel&Link Public Relations\"},\"image\":{\"@id\":\"https:\\\/\\\/adellink.de\\\/en\\\/#\\\/schema\\\/logo\\\/image\\\/\"},\"sameAs\":[\"https:\\\/\\\/www.facebook.com\\\/adellinkpr\\\/\",\"https:\\\/\\\/x.com\\\/adellinkpr\",\"https:\\\/\\\/www.instagram.com\\\/adellinkpr\\\/?hl=de\",\"https:\\\/\\\/www.linkedin.com\\\/company\\\/adel-&amp;-link-public-relations\\\/?originalSubdomain=de\"]},{\"@type\":\"Person\",\"@id\":\"https:\\\/\\\/adellink.de\\\/en\\\/#\\\/schema\\\/person\\\/47c0224bd634dbdeed46f4b0df21c2c7\",\"name\":\"TEAM\",\"image\":{\"@type\":\"ImageObject\",\"inLanguage\":\"en-US\",\"@id\":\"https:\\\/\\\/secure.gravatar.com\\\/avatar\\\/c8732322cf4ab0a0490c34da7c1fad53076f9a8e7b1ee6e252b429bdaca587b7?s=96&d=mm&r=g\",\"url\":\"https:\\\/\\\/secure.gravatar.com\\\/avatar\\\/c8732322cf4ab0a0490c34da7c1fad53076f9a8e7b1ee6e252b429bdaca587b7?s=96&d=mm&r=g\",\"contentUrl\":\"https:\\\/\\\/secure.gravatar.com\\\/avatar\\\/c8732322cf4ab0a0490c34da7c1fad53076f9a8e7b1ee6e252b429bdaca587b7?s=96&d=mm&r=g\",\"caption\":\"TEAM\"},\"url\":\"https:\\\/\\\/adellink.de\\\/en\\\/author\\\/team\\\/\"}]}<\/script>\n<!-- \/ Yoast SEO plugin. -->","yoast_head_json":{"title":"Trendvernissage 2025 mit Popcorn und neuen Perspektiven","robots":{"index":"index","follow":"follow","max-snippet":"max-snippet:-1","max-image-preview":"max-image-preview:large","max-video-preview":"max-video-preview:-1"},"canonical":"https:\/\/adellink.de\/trends-popcorn-und-neue-perspektiven\/","og_locale":"en_US","og_type":"article","og_title":"Trends, Popcorn und neue Perspektiven | Adel &amp; Link Public Relations","og_url":"https:\/\/adellink.de\/trends-popcorn-und-neue-perspektiven\/","og_site_name":"Adel &amp; Link Public Relations","article_publisher":"https:\/\/www.facebook.com\/adellinkpr\/","article_published_time":"2025-03-11T12:31:01+00:00","article_modified_time":"2025-03-12T09:21:36+00:00","og_image":[{"width":1920,"height":1080,"url":"https:\/\/adellink.de\/wp-content\/uploads\/2025\/03\/2502.10_Blog-Header_1920x1080.jpg","type":"image\/jpeg"}],"author":"TEAM","twitter_card":"summary_large_image","twitter_creator":"@adellinkpr","twitter_site":"@adellinkpr","twitter_misc":{"Written by":"TEAM","Est. reading time":"6 minutes"},"schema":{"@context":"https:\/\/schema.org","@graph":[{"@type":"Article","@id":"https:\/\/adellink.de\/trends-popcorn-und-neue-perspektiven\/#article","isPartOf":{"@id":"https:\/\/adellink.de\/trends-popcorn-und-neue-perspektiven\/"},"author":{"name":"TEAM","@id":"https:\/\/adellink.de\/en\/#\/schema\/person\/47c0224bd634dbdeed46f4b0df21c2c7"},"headline":"Trends, Popcorn und neue Perspektiven","datePublished":"2025-03-11T12:31:01+00:00","dateModified":"2025-03-12T09:21:36+00:00","mainEntityOfPage":{"@id":"https:\/\/adellink.de\/trends-popcorn-und-neue-perspektiven\/"},"wordCount":806,"publisher":{"@id":"https:\/\/adellink.de\/en\/#organization"},"image":{"@id":"https:\/\/adellink.de\/trends-popcorn-und-neue-perspektiven\/#primaryimage"},"thumbnailUrl":"https:\/\/adellink.de\/wp-content\/uploads\/2025\/03\/2502.10_Blog-Header_1920x1080.jpg","keywords":["Agent AI","Agentur","BookTok","Digital Afterlife","Digital Grief","KI","Life in Sync","New Adult","Trends 2025","trendvernissage","Zukunft"],"articleSection":["Agencylife","Allgemein","Blog","Trends"],"inLanguage":"en-US"},{"@type":"WebPage","@id":"https:\/\/adellink.de\/trends-popcorn-und-neue-perspektiven\/","url":"https:\/\/adellink.de\/trends-popcorn-und-neue-perspektiven\/","name":"Trendvernissage 2025 mit Popcorn und neuen Perspektiven","isPartOf":{"@id":"https:\/\/adellink.de\/en\/#website"},"primaryImageOfPage":{"@id":"https:\/\/adellink.de\/trends-popcorn-und-neue-perspektiven\/#primaryimage"},"image":{"@id":"https:\/\/adellink.de\/trends-popcorn-und-neue-perspektiven\/#primaryimage"},"thumbnailUrl":"https:\/\/adellink.de\/wp-content\/uploads\/2025\/03\/2502.10_Blog-Header_1920x1080.jpg","datePublished":"2025-03-11T12:31:01+00:00","dateModified":"2025-03-12T09:21:36+00:00","description":"B\u00fchne frei f\u00fcr einen Premierenabend der inspirierenden Art: Adel & Link lud zur 13. Trendvernissage erstmals ins neue Office im Frankfurter Stadtteil Bockenheim ein.","breadcrumb":{"@id":"https:\/\/adellink.de\/trends-popcorn-und-neue-perspektiven\/#breadcrumb"},"inLanguage":"en-US","potentialAction":[{"@type":"ReadAction","target":["https:\/\/adellink.de\/trends-popcorn-und-neue-perspektiven\/"]}]},{"@type":"ImageObject","inLanguage":"en-US","@id":"https:\/\/adellink.de\/trends-popcorn-und-neue-perspektiven\/#primaryimage","url":"https:\/\/adellink.de\/wp-content\/uploads\/2025\/03\/2502.10_Blog-Header_1920x1080.jpg","contentUrl":"https:\/\/adellink.de\/wp-content\/uploads\/2025\/03\/2502.10_Blog-Header_1920x1080.jpg","width":1920,"height":1080},{"@type":"BreadcrumbList","@id":"https:\/\/adellink.de\/trends-popcorn-und-neue-perspektiven\/#breadcrumb","itemListElement":[{"@type":"ListItem","position":1,"name":"Startseite","item":"https:\/\/adellink.de\/"},{"@type":"ListItem","position":2,"name":"Trends, Popcorn und neue Perspektiven"}]},{"@type":"WebSite","@id":"https:\/\/adellink.de\/en\/#website","url":"https:\/\/adellink.de\/en\/","name":"Adel & Link Public Relations","description":"","publisher":{"@id":"https:\/\/adellink.de\/en\/#organization"},"potentialAction":[{"@type":"SearchAction","target":{"@type":"EntryPoint","urlTemplate":"https:\/\/adellink.de\/en\/?s={search_term_string}"},"query-input":{"@type":"PropertyValueSpecification","valueRequired":true,"valueName":"search_term_string"}}],"inLanguage":"en-US"},{"@type":"Organization","@id":"https:\/\/adellink.de\/en\/#organization","name":"Adel&Link Public Relations","url":"https:\/\/adellink.de\/en\/","logo":{"@type":"ImageObject","inLanguage":"en-US","@id":"https:\/\/adellink.de\/en\/#\/schema\/logo\/image\/","url":"https:\/\/adellink.de\/wp-content\/uploads\/2020\/09\/2019_al_logo_BK_300px.png","contentUrl":"https:\/\/adellink.de\/wp-content\/uploads\/2020\/09\/2019_al_logo_BK_300px.png","width":1251,"height":376,"caption":"Adel&Link Public Relations"},"image":{"@id":"https:\/\/adellink.de\/en\/#\/schema\/logo\/image\/"},"sameAs":["https:\/\/www.facebook.com\/adellinkpr\/","https:\/\/x.com\/adellinkpr","https:\/\/www.instagram.com\/adellinkpr\/?hl=de","https:\/\/www.linkedin.com\/company\/adel-&amp;-link-public-relations\/?originalSubdomain=de"]},{"@type":"Person","@id":"https:\/\/adellink.de\/en\/#\/schema\/person\/47c0224bd634dbdeed46f4b0df21c2c7","name":"TEAM","image":{"@type":"ImageObject","inLanguage":"en-US","@id":"https:\/\/secure.gravatar.com\/avatar\/c8732322cf4ab0a0490c34da7c1fad53076f9a8e7b1ee6e252b429bdaca587b7?s=96&d=mm&r=g","url":"https:\/\/secure.gravatar.com\/avatar\/c8732322cf4ab0a0490c34da7c1fad53076f9a8e7b1ee6e252b429bdaca587b7?s=96&d=mm&r=g","contentUrl":"https:\/\/secure.gravatar.com\/avatar\/c8732322cf4ab0a0490c34da7c1fad53076f9a8e7b1ee6e252b429bdaca587b7?s=96&d=mm&r=g","caption":"TEAM"},"url":"https:\/\/adellink.de\/en\/author\/team\/"}]}},"_links":{"self":[{"href":"https:\/\/adellink.de\/en\/wp-json\/wp\/v2\/posts\/8593","targetHints":{"allow":["GET"]}}],"collection":[{"href":"https:\/\/adellink.de\/en\/wp-json\/wp\/v2\/posts"}],"about":[{"href":"https:\/\/adellink.de\/en\/wp-json\/wp\/v2\/types\/post"}],"author":[{"embeddable":true,"href":"https:\/\/adellink.de\/en\/wp-json\/wp\/v2\/users\/4"}],"replies":[{"embeddable":true,"href":"https:\/\/adellink.de\/en\/wp-json\/wp\/v2\/comments?post=8593"}],"version-history":[{"count":16,"href":"https:\/\/adellink.de\/en\/wp-json\/wp\/v2\/posts\/8593\/revisions"}],"predecessor-version":[{"id":8619,"href":"https:\/\/adellink.de\/en\/wp-json\/wp\/v2\/posts\/8593\/revisions\/8619"}],"wp:featuredmedia":[{"embeddable":true,"href":"https:\/\/adellink.de\/en\/wp-json\/wp\/v2\/media\/8594"}],"wp:attachment":[{"href":"https:\/\/adellink.de\/en\/wp-json\/wp\/v2\/media?parent=8593"}],"wp:term":[{"taxonomy":"category","embeddable":true,"href":"https:\/\/adellink.de\/en\/wp-json\/wp\/v2\/categories?post=8593"},{"taxonomy":"post_tag","embeddable":true,"href":"https:\/\/adellink.de\/en\/wp-json\/wp\/v2\/tags?post=8593"}],"curies":[{"name":"wp","href":"https:\/\/api.w.org\/{rel}","templated":true}]}}