{"id":9073,"date":"2026-04-29T09:46:08","date_gmt":"2026-04-29T07:46:08","guid":{"rendered":"https:\/\/adellink.de\/?p=9073"},"modified":"2026-04-29T10:58:39","modified_gmt":"2026-04-29T08:58:39","slug":"frauen-in-der-pr-gemeinsam-mehr-bewegen","status":"publish","type":"post","link":"https:\/\/adellink.de\/en\/frauen-in-der-pr-gemeinsam-mehr-bewegen\/","title":{"rendered":"Frauen in der PR: Gemeinsam mehr bewegen"},"content":{"rendered":"<h4><strong><b>Ein Gespr\u00e4ch mit Maren Schneider und Olivia Dudek \u00fcber Frauen in F\u00fchrungspositionen, ihre Erfahrungen mit dem GWPR-Netzwerk und ihre Tipps, wie Netzwerken gelingt.<\/b><\/strong><\/h4>\n<p><!--more--><\/p>\n<p><span style=\"font-weight: 400;\">Frauen dominieren die PR-Branche \u2013 zumindest zahlenm\u00e4\u00dfig. Doch sobald es um F\u00fchrungspositionen geht, sind wir vom Gender Switch noch weit entfernt. Die Zahlen einer Studie des <\/span><a href=\"https:\/\/cipr.co.uk\/common\/Uploaded%20files\/Policy\/PR%20Research%20Fund%202024\/CIPR_Missing_Women_Study_2025_Accessible.pdf\" target=\"_blank\" rel=\"noopener\"><span style=\"font-weight: 400;\">Chartered Institute of Public Relations (CIPR) 2025)<\/span><\/a><span style=\"font-weight: 400;\"> belegen: In der britischen PR-Branche sind <\/span><b>zwei Drittel (66 %) <\/b><span style=\"font-weight: 400;\">der Besch\u00e4ftigten unterhalb der Director-Ebene weiblich \u2013 doch in F\u00fchrungspositionen stellen<\/span><b> M\u00e4nner noch immer die Mehrheit <\/b><span style=\"font-weight: 400;\">(54 %). Auch in Deutschland befragte Kommunikatorinnen gaben an, dass <\/span><b>67 Prozent<\/b><span style=\"font-weight: 400;\"> der F\u00fchrungspositionen in ihrem Unternehmen haupts\u00e4chlich mit M\u00e4nnern besetzt sind (<\/span><a href=\"https:\/\/globalwpr.de\/news\/die-ergebnisse-des-gwpr-annual-index-sind-da\/\" target=\"_blank\" rel=\"noopener\"><span style=\"font-weight: 400;\">GWPR Annual Index 2025<\/span><\/a><span style=\"font-weight: 400;\">). Branchen\u00fcbergreifend liegt der Anteil weiblicher F\u00fchrungskr\u00e4fte in Deutschland bei gerade einmal 21 Prozent (<\/span><a href=\"https:\/\/www.destatis.de\/DE\/Presse\/Pressemitteilungen\/2025\/11\/PD25_393_13.html\" target=\"_blank\" rel=\"noopener\"><span style=\"font-weight: 400;\">Statistisches Bundesamt 2025<\/span><\/a><span style=\"font-weight: 400;\">) \u2013 seit zehn Jahren kaum ver\u00e4ndert und weit unter dem EU-Durchschnitt.<\/span><\/p>\n<div id=\"attachment_9080\" style=\"width: 643px\" class=\"wp-caption alignleft\"><img loading=\"lazy\" decoding=\"async\" aria-describedby=\"caption-attachment-9080\" class=\" wp-image-9080\" src=\"https:\/\/adellink.de\/wp-content\/uploads\/2026\/04\/GWPR_Interview_Maren_Olivia-300x194.jpg\" alt=\"Interviewsituation mit drei l\u00e4chelnden Frauen an einem Tisch sitzend, drei Kaffeetassen mit Adel &amp; Link Logo und ein Laptop auf dem Tisch. Gr\u00fcnpflanze im Hintergrund.\" width=\"633\" height=\"409\" srcset=\"https:\/\/adellink.de\/wp-content\/uploads\/2026\/04\/GWPR_Interview_Maren_Olivia-300x194.jpg 300w, https:\/\/adellink.de\/wp-content\/uploads\/2026\/04\/GWPR_Interview_Maren_Olivia-1024x664.jpg 1024w, https:\/\/adellink.de\/wp-content\/uploads\/2026\/04\/GWPR_Interview_Maren_Olivia-768x498.jpg 768w, https:\/\/adellink.de\/wp-content\/uploads\/2026\/04\/GWPR_Interview_Maren_Olivia-1536x996.jpg 1536w, https:\/\/adellink.de\/wp-content\/uploads\/2026\/04\/GWPR_Interview_Maren_Olivia-2048x1327.jpg 2048w\" sizes=\"auto, (max-width: 633px) 100vw, 633px\" \/><p id=\"caption-attachment-9080\" class=\"wp-caption-text\">Interviewerin Linda Benkner (Mitte) \u00a0im Gespr\u00e4ch mit den Kolleginnen Maren Schneider (links) und Olivia Dudek (rechts).<\/p><\/div>\n<p><span style=\"font-weight: 400;\">Was also tun? Maren Schneider und Olivia Dudek, beide Senior-Beraterinnen bei Adel &amp; Link, haben f\u00fcr sich eine Antwort gefunden: das Netzwerk Global Women in PR (GWPR), dem sie letztes Jahr beigetreten sind. Im Interview erz\u00e4hlen sie, inwiefern sie von der Mitgliedschaft profitieren, wie sie mit Networking-Nervosit\u00e4t umgehen und wie weibliche PR-F\u00fchrungskr\u00e4fte gezielt gef\u00f6rdert werden k\u00f6nnen.<\/span><\/p>\n<h2><b>PR-Frauen sind in der \u00dcberzahl \u2013 aber nicht in F\u00fchrungspositionen. Wie ist eure Wahrnehmung?<\/b><\/h2>\n<p><b>Olivia:<\/b><span style=\"font-weight: 400;\"> Das ist interessant, denn mein Bauchgef\u00fchl sagt etwas anderes. In meiner PR-Karriere habe ich viele weibliche F\u00fchrungskr\u00e4fte kennengelernt. Bei Adel &amp; Link sind die Director-Positionen durchweg von Frauen besetzt und die Agenturf\u00fchrung ist zwischen Matthias Adel und Natalie Link aufgeteilt. Zudem haben viele Frauen in meinem Umfeld leitende Positionen in der PR inne. Aber ich bin mir bewusst, dass die Statistik etwas anderes sagt, wenn ich mich au\u00dferhalb meiner eigenen Bubble umschaue. Hier gibt es also noch viel zu tun.<\/span><\/p>\n<p><b>Maren:<\/b><span style=\"font-weight: 400;\"> Meine Wahrnehmung ist \u00e4hnlich und das liegt auch an meinem Fokus. Beim <\/span><a href=\"https:\/\/www.kommunikationskongress.de\/\" target=\"_blank\" rel=\"noopener\"><span style=\"font-weight: 400;\">Kommunikationskongress<\/span><\/a><span style=\"font-weight: 400;\"> etwa habe ich bewusst auch Vortr\u00e4ge erfolgreicher weiblicher Speakerinnen ausgesucht \u2013 mich interessiert, wie Frauen in ihren Rollen agieren. Ich habe aber auch \u2013 um das Thema Part-time Leadership als Beispiel herauszugreifen \u2013 bei ehemaligen Kolleginnen mitbekommen, dass Teilzeitf\u00fchrung mit Kind gro\u00dfe Herausforderungen und Kritik mit sich bringen kann. Bei Natalie und Matthias habe ich dann gesehen, dass Familie und Leitungspositionen durchaus vereinbar sind! Seit Gr\u00fcndung der Agentur geh\u00f6rt das Thema F\u00fchrung in Teilzeit zur DNA von Adel &amp; Link.\u00a0<\/span><\/p>\n<h2><b>Teilzeitf\u00fchrung bietet Frauen Karrierechancen trotz Mutterschaft oder Pflegef\u00e4llen in der Familie. Was sind aus eurer Sicht Hindernisse f\u00fcr Frauen auf dem Weg in F\u00fchrungspositionen?<\/b><\/h2>\n<p><b>Olivia:<\/b><span style=\"font-weight: 400;\"> Da spielen die Rahmenbedingungen eine gro\u00dfe Rolle. Wenn das Team nicht gut aufgestellt ist, sind fehlende Kapazit\u00e4ten bei der F\u00fchrungskraft kein individuelles Versagen, sondern ein strukturelles Problem. Die L\u00f6sung: Mehr Positionen mit Verantwortung unterhalb der Gesch\u00e4ftsf\u00fchrung schaffen \u2013 mit Menschen, die die F\u00fchrungskraft zuverl\u00e4ssig vertreten k\u00f6nnen. Das entlastet die Spitze und erm\u00f6glicht es, F\u00fchrungsverantwortung zu verteilen.<\/span><\/p>\n<p><b>Maren:<\/b><span style=\"font-weight: 400;\"> Da stimme ich zu, die Organisation ist der Schl\u00fcssel. In Agenturen, die gut strukturiert sind und in denen Wissen geteilt wird, funktionieren auch Teilzeitmodelle. Alle profitieren davon, denn wer die Talente von Frauen nicht f\u00f6rdert, bremst sich selbst aus!<\/span><\/p>\n<h2><b>Ihr seid beide Mitglied bei Global Women in PR (GWPR). Warum gerade dieses Netzwerk?<\/b><\/h2>\n<p><b>Olivia:<\/b><span style=\"font-weight: 400;\"> Bei GWPR passiert wirklich viel. Es finden regelm\u00e4\u00dfig Events statt und es treffen sich zwischendurch auch kleinere Gruppen zum Afterwork oder Lunch.<\/span><\/p>\n<p><b>Maren:<\/b><span style=\"font-weight: 400;\"> Es geht immer um konkrete Facetten der PR, um echten Wissensaustausch. Bei GWPR rede ich mit Frauen aus verschiedensten Rollen \u2013 in Agenturen, Unternehmen, als Coaches oder Pressesprecherinnen. Das \u00f6ffnet den Blick enorm.<\/span><\/p>\n<p><b>Olivia:<\/b><span style=\"font-weight: 400;\"> Und das Netzwerk ist auch global aufgestellt \u2013 wir k\u00f6nnen uns mit Mitgliedern weltweit vernetzen und Einblicke in andere M\u00e4rkte bekommen. Durch die vielen Events und den pers\u00f6nlichen Austausch k\u00f6nnen so mit der Zeit auch echte Freundschaften und Business-Partnerschaften entstehen.<\/span><\/p>\n<p><b>Maren:<\/b><span style=\"font-weight: 400;\"> Das Mentoring ist ein weiteres Highlight: Dabei wirst du mit jemandem aus einer anderen Branche oder Position zusammengebracht. Ich profitiere sehr von dem externen Feedback aus einer ganz anderen und sehr erfahrenen Perspektive.<\/span><\/p>\n<h2><b>Networking klingt einfach \u2013 aber viele f\u00fchlen sich unwohl dabei. Wie geht ihr mit Nervosit\u00e4t um?<\/b><\/h2>\n<p><b>Olivia: <\/b><span style=\"font-weight: 400;\">Wenn ich niemanden im Raum kenne, f\u00fchle ich mich oft etwas verloren \u2013 obwohl ich eigentlich ein offener Mensch bin. Was mir hilft: zun\u00e4chst kleinere Gruppenevents besuchen, Afterwork-Treffen im engeren Kreis ansteuern. Beim gro\u00dfen Jahrestreffen kennst du dann schon einige Gesichter. Und mein Geheimtipp: Schau dich um, wer ebenfalls abseits steht \u2013 und sich \u00fcber ein Gespr\u00e4ch freut.<\/span><\/p>\n<p><b>Maren:<\/b><span style=\"font-weight: 400;\"> Sich \u00fcberwinden hilft wirklich. Es gibt immer ein Thema, \u00fcber das du sprechen kannst. Und: Die erfahrenen Mitglieder \u2013 auch die in sehr hohen Positionen \u2013 sind meist sehr offen und investieren viel Zeit in dieses Netzwerk. Viele wollen gerade j\u00fcngere Frauen gezielt f\u00f6rdern.<\/span><\/p>\n<p>&nbsp;<\/p>\n<h2><b>\u00dcber Global Women in PR (GWPR)<\/b><\/h2>\n<p><span style=\"font-weight: 400;\"><a href=\"https:\/\/globalwpr.de\" target=\"_blank\" rel=\"noopener\">GWPR<\/a> wurde 2015 als gemeinn\u00fctziger Verein in Gro\u00dfbritannien gegr\u00fcndet und ist heute ein globales Netzwerk f\u00fcr Frauen in der Kommunikationsbranche. Voraussetzung f\u00fcr eine Mitgliedschaft sind mindestens f\u00fcnf Jahre Berufserfahrung im PR-Umfeld.<\/span><\/p>\n<p><span style=\"font-weight: 400;\"><img loading=\"lazy\" decoding=\"async\" class=\"wp-image-9076 alignright\" src=\"https:\/\/adellink.de\/wp-content\/uploads\/2026\/04\/IMG_4551-300x225.jpg\" alt=\"Ein sonnendurchfluteter Raum im Altbau mit einer Gruppe an Frauen im Auditorium auf St\u00fchlen sitzend. Vorn als Vortragsrednerin Friederike Oehlerking vor einem Bildschirm mit ihrer Pr\u00e4sentation. \" width=\"492\" height=\"369\" srcset=\"https:\/\/adellink.de\/wp-content\/uploads\/2026\/04\/IMG_4551-300x225.jpg 300w, https:\/\/adellink.de\/wp-content\/uploads\/2026\/04\/IMG_4551-1024x768.jpg 1024w, https:\/\/adellink.de\/wp-content\/uploads\/2026\/04\/IMG_4551-768x576.jpg 768w, https:\/\/adellink.de\/wp-content\/uploads\/2026\/04\/IMG_4551-1536x1152.jpg 1536w, https:\/\/adellink.de\/wp-content\/uploads\/2026\/04\/IMG_4551-2048x1536.jpg 2048w, https:\/\/adellink.de\/wp-content\/uploads\/2026\/04\/IMG_4551-800x600.jpg 800w, https:\/\/adellink.de\/wp-content\/uploads\/2026\/04\/IMG_4551-700x525.jpg 700w\" sizes=\"auto, (max-width: 492px) 100vw, 492px\" \/>Am 23. April 2026 war Adel &amp; Link Gastgeber eines GWPR-Afterwork-Events zum Thema <\/span><b>Data Storytelling <\/b><span style=\"font-weight: 400;\">in den Agenturr\u00e4umen in Frankfurt-Bockenheim. Den Abend gestalteten Data-Storytelling-Expertin <\/span><a href=\"https:\/\/de.linkedin.com\/in\/friederike-oehlerking\" target=\"_blank\" rel=\"noopener\"><span style=\"font-weight: 400;\">Friederike Oehlerking <\/span><\/a>mit einem Impulsvortrag, <span style=\"font-weight: 400;\">Maren Schneider und Joana Iser da Silva von Adel &amp; Link mit Einblicken in einen Best-Practice Case sowie <\/span><a href=\"https:\/\/de.linkedin.com\/in\/thorsten-thierhoff\" target=\"_blank\" rel=\"noopener\"><span style=\"font-weight: 400;\">Thorsten Thierhoff<\/span><\/a><span style=\"font-weight: 400;\">, Gesch\u00e4ftsf\u00fchrer des Meinungsforschungsinstituts forsa GmbH, und Natalie Link, Gesch\u00e4ftsf\u00fchrerin von Adel &amp; Link und langj\u00e4hriges GWPR-Mitglied, mit einem Panel-Talk.<\/span><\/p>\n<p><br style=\"font-weight: 400;\" \/><br style=\"font-weight: 400;\" \/><\/p>\n<p>&nbsp;<\/p>\n<p>&nbsp;<\/p>\n<p>&nbsp;<\/p>\n<p>&nbsp;<\/p>\n<p>&nbsp;<\/p>\n<p><img loading=\"lazy\" decoding=\"async\" class=\"size-medium wp-image-8579 alignleft\" src=\"https:\/\/adellink.de\/wp-content\/uploads\/2025\/02\/2016_Homepage_Linda.web_-286x300.jpg\" alt=\"Portr\u00e4tfoto Linda Benkner vor hellem Hintergrund. Linda hat braune lange Haare und tr\u00e4gt ein dunkelblaues Oberteil mit wei\u00dfen Punkten.\" width=\"286\" height=\"300\" srcset=\"https:\/\/adellink.de\/wp-content\/uploads\/2025\/02\/2016_Homepage_Linda.web_-286x300.jpg 286w, https:\/\/adellink.de\/wp-content\/uploads\/2025\/02\/2016_Homepage_Linda.web_-768x805.jpg 768w, https:\/\/adellink.de\/wp-content\/uploads\/2025\/02\/2016_Homepage_Linda.web_-700x734.jpg 700w, https:\/\/adellink.de\/wp-content\/uploads\/2025\/02\/2016_Homepage_Linda.web_.jpg 930w\" sizes=\"auto, (max-width: 286px) 100vw, 286px\" \/><\/p>\n<p><strong><em>\u00dcber die Autorin Linda Benkner:<\/em><\/strong><\/p>\n<h4 style=\"font-weight: 400;\"><em><span style=\"font-weight: 400;\">Linda hat w\u00e4hrend ihres Germanistik- und Geschichtsstudiums in Bonn im Journalismus (Frankfurter Allgemeine Zeitung) und Lektorat (Suhrkamp Verlag) gearbeitet. Um auch die Agenturseite kennenzulernen, absolvierte sie ein PR- Volontariat in Darmstadt \u2013 und fand ihre berufliche Bestimmung im Copywriting und Creative Content. Seit 2016 setzt sie ihre Expertise bei Adel &amp; Link ein \u2013 ob als PR-Trainerin oder bei kreativen Storytelling-Projekten.<\/span><\/em><\/h4>\n<p>&nbsp;<\/p>\n<p>&nbsp;<\/p>\n<p>&nbsp;<\/p>\n<p>&nbsp;<\/p>\n<p>&nbsp;<\/p>\n<p><em style=\"font-weight: 400;\">Header: Adel &amp; Link HIVE Studios<\/em><\/p>\n<p><em>Fotos: Florian Hennig (Interviewsituation), Adel &amp; Link (Linda Benkner, Vortragssituation)<\/em><\/p>\n","protected":false},"excerpt":{"rendered":"<p>Ein Gespr\u00e4ch mit Maren Schneider und Olivia Dudek \u00fcber Frauen in F\u00fchrungspositionen, ihre Erfahrungen mit dem GWPR-Netzwerk und ihre Tipps, wie Netzwerken gelingt.<\/p>\n","protected":false},"author":4,"featured_media":9074,"comment_status":"closed","ping_status":"open","sticky":false,"template":"","format":"standard","meta":{"_monsterinsights_skip_tracking":false,"_monsterinsights_sitenote_active":false,"_monsterinsights_sitenote_note":"","_monsterinsights_sitenote_category":0,"footnotes":""},"categories":[47,9,48,1],"tags":[136,200,202,199,201,97],"class_list":["post-9073","post","type-post","status-publish","format-standard","has-post-thumbnail","hentry","category-agencylife","category-allgemein","category-arbeiten-bei-adel-link","category-blog","tag-agentur","tag-frauen","tag-gwpr","tag-haltung","tag-netzwerk","tag-work-life-balance"],"translation":{"provider":"WPGlobus","version":"3.0.2","language":"en","enabled_languages":["de","en"],"languages":{"de":{"title":true,"content":true,"excerpt":false},"en":{"title":false,"content":false,"excerpt":false}}},"yoast_head":"<!-- This site is optimized with the Yoast SEO plugin v27.5 - https:\/\/yoast.com\/product\/yoast-seo-wordpress\/ -->\n<title>Frauen in der PR: Gemeinsam mehr bewegen | Adel &amp; Link Public Relations<\/title>\n<meta name=\"robots\" content=\"index, follow, max-snippet:-1, max-image-preview:large, max-video-preview:-1\" \/>\n<link rel=\"canonical\" href=\"https:\/\/adellink.de\/frauen-in-der-pr-gemeinsam-mehr-bewegen\/\" \/>\n<meta property=\"og:locale\" content=\"en_US\" \/>\n<meta property=\"og:type\" content=\"article\" \/>\n<meta property=\"og:title\" content=\"Frauen in der PR: Gemeinsam mehr bewegen | Adel &amp; Link Public Relations\" \/>\n<meta property=\"og:url\" content=\"https:\/\/adellink.de\/frauen-in-der-pr-gemeinsam-mehr-bewegen\/\" \/>\n<meta property=\"og:site_name\" content=\"Adel &amp; Link Public Relations\" \/>\n<meta property=\"article:publisher\" content=\"https:\/\/www.facebook.com\/adellinkpr\/\" \/>\n<meta property=\"article:published_time\" content=\"2026-04-29T07:46:08+00:00\" \/>\n<meta property=\"article:modified_time\" content=\"2026-04-29T08:58:39+00:00\" \/>\n<meta property=\"og:image\" content=\"https:\/\/adellink.de\/wp-content\/uploads\/2026\/04\/AL-Blog-Header-Image-1024x580.jpg\" \/>\n\t<meta property=\"og:image:width\" content=\"1024\" \/>\n\t<meta property=\"og:image:height\" content=\"580\" \/>\n\t<meta property=\"og:image:type\" content=\"image\/jpeg\" \/>\n<meta name=\"author\" content=\"TEAM\" \/>\n<meta name=\"twitter:card\" content=\"summary_large_image\" \/>\n<meta name=\"twitter:creator\" content=\"@adellinkpr\" \/>\n<meta name=\"twitter:site\" content=\"@adellinkpr\" \/>\n<meta name=\"twitter:label1\" content=\"Written by\" \/>\n\t<meta name=\"twitter:data1\" content=\"TEAM\" \/>\n\t<meta name=\"twitter:label2\" content=\"Est. reading time\" \/>\n\t<meta name=\"twitter:data2\" content=\"7 minutes\" \/>\n<script type=\"application\/ld+json\" class=\"yoast-schema-graph\">{\"@context\":\"https:\\\/\\\/schema.org\",\"@graph\":[{\"@type\":\"Article\",\"@id\":\"https:\\\/\\\/adellink.de\\\/frauen-in-der-pr-gemeinsam-mehr-bewegen\\\/#article\",\"isPartOf\":{\"@id\":\"https:\\\/\\\/adellink.de\\\/frauen-in-der-pr-gemeinsam-mehr-bewegen\\\/\"},\"author\":{\"name\":\"TEAM\",\"@id\":\"https:\\\/\\\/adellink.de\\\/en\\\/#\\\/schema\\\/person\\\/47c0224bd634dbdeed46f4b0df21c2c7\"},\"headline\":\"Frauen in der PR: Gemeinsam mehr bewegen\",\"datePublished\":\"2026-04-29T07:46:08+00:00\",\"dateModified\":\"2026-04-29T08:58:39+00:00\",\"mainEntityOfPage\":{\"@id\":\"https:\\\/\\\/adellink.de\\\/frauen-in-der-pr-gemeinsam-mehr-bewegen\\\/\"},\"wordCount\":1042,\"publisher\":{\"@id\":\"https:\\\/\\\/adellink.de\\\/en\\\/#organization\"},\"image\":{\"@id\":\"https:\\\/\\\/adellink.de\\\/frauen-in-der-pr-gemeinsam-mehr-bewegen\\\/#primaryimage\"},\"thumbnailUrl\":\"https:\\\/\\\/adellink.de\\\/wp-content\\\/uploads\\\/2026\\\/04\\\/AL-Blog-Header-Image.jpg\",\"keywords\":[\"Agentur\",\"Frauen\",\"GWPR\",\"Haltung\",\"Netzwerk\",\"Work-Life-Balance\"],\"articleSection\":[\"Agencylife\",\"Allgemein\",\"Arbeiten bei Adel &amp; Link\",\"Blog\"],\"inLanguage\":\"en-US\"},{\"@type\":\"WebPage\",\"@id\":\"https:\\\/\\\/adellink.de\\\/frauen-in-der-pr-gemeinsam-mehr-bewegen\\\/\",\"url\":\"https:\\\/\\\/adellink.de\\\/frauen-in-der-pr-gemeinsam-mehr-bewegen\\\/\",\"name\":\"Frauen in der PR: Gemeinsam mehr bewegen | Adel &amp; Link Public Relations\",\"isPartOf\":{\"@id\":\"https:\\\/\\\/adellink.de\\\/en\\\/#website\"},\"primaryImageOfPage\":{\"@id\":\"https:\\\/\\\/adellink.de\\\/frauen-in-der-pr-gemeinsam-mehr-bewegen\\\/#primaryimage\"},\"image\":{\"@id\":\"https:\\\/\\\/adellink.de\\\/frauen-in-der-pr-gemeinsam-mehr-bewegen\\\/#primaryimage\"},\"thumbnailUrl\":\"https:\\\/\\\/adellink.de\\\/wp-content\\\/uploads\\\/2026\\\/04\\\/AL-Blog-Header-Image.jpg\",\"datePublished\":\"2026-04-29T07:46:08+00:00\",\"dateModified\":\"2026-04-29T08:58:39+00:00\",\"description\":\"Ein Gespr\u00e4ch mit Maren Schneider und Olivia Dudek \u00fcber Frauen in F\u00fchrungspositionen, das GWPR-Netzwerk und ihre Tipps, wie Netzwerken gelingt.\",\"breadcrumb\":{\"@id\":\"https:\\\/\\\/adellink.de\\\/frauen-in-der-pr-gemeinsam-mehr-bewegen\\\/#breadcrumb\"},\"inLanguage\":\"en-US\",\"potentialAction\":[{\"@type\":\"ReadAction\",\"target\":[\"https:\\\/\\\/adellink.de\\\/frauen-in-der-pr-gemeinsam-mehr-bewegen\\\/\"]}]},{\"@type\":\"ImageObject\",\"inLanguage\":\"en-US\",\"@id\":\"https:\\\/\\\/adellink.de\\\/frauen-in-der-pr-gemeinsam-mehr-bewegen\\\/#primaryimage\",\"url\":\"https:\\\/\\\/adellink.de\\\/wp-content\\\/uploads\\\/2026\\\/04\\\/AL-Blog-Header-Image.jpg\",\"contentUrl\":\"https:\\\/\\\/adellink.de\\\/wp-content\\\/uploads\\\/2026\\\/04\\\/AL-Blog-Header-Image.jpg\",\"width\":10667,\"height\":6042,\"caption\":\"Fotocollage mit Portr\u00e4fotos von Maren Schneider und Olivia Dudek, umgeben von Illustrationen wie bunten Kreisen, Pflanzenanmutungen, Gl\u00fchbirne und Megaphon.\"},{\"@type\":\"BreadcrumbList\",\"@id\":\"https:\\\/\\\/adellink.de\\\/frauen-in-der-pr-gemeinsam-mehr-bewegen\\\/#breadcrumb\",\"itemListElement\":[{\"@type\":\"ListItem\",\"position\":1,\"name\":\"Startseite\",\"item\":\"https:\\\/\\\/adellink.de\\\/\"},{\"@type\":\"ListItem\",\"position\":2,\"name\":\"Frauen in der PR: Gemeinsam mehr bewegen\"}]},{\"@type\":\"WebSite\",\"@id\":\"https:\\\/\\\/adellink.de\\\/en\\\/#website\",\"url\":\"https:\\\/\\\/adellink.de\\\/en\\\/\",\"name\":\"Adel & Link Public Relations\",\"description\":\"\",\"publisher\":{\"@id\":\"https:\\\/\\\/adellink.de\\\/en\\\/#organization\"},\"potentialAction\":[{\"@type\":\"SearchAction\",\"target\":{\"@type\":\"EntryPoint\",\"urlTemplate\":\"https:\\\/\\\/adellink.de\\\/en\\\/?s={search_term_string}\"},\"query-input\":{\"@type\":\"PropertyValueSpecification\",\"valueRequired\":true,\"valueName\":\"search_term_string\"}}],\"inLanguage\":\"en-US\"},{\"@type\":\"Organization\",\"@id\":\"https:\\\/\\\/adellink.de\\\/en\\\/#organization\",\"name\":\"Adel&Link Public Relations\",\"url\":\"https:\\\/\\\/adellink.de\\\/en\\\/\",\"logo\":{\"@type\":\"ImageObject\",\"inLanguage\":\"en-US\",\"@id\":\"https:\\\/\\\/adellink.de\\\/en\\\/#\\\/schema\\\/logo\\\/image\\\/\",\"url\":\"https:\\\/\\\/adellink.de\\\/wp-content\\\/uploads\\\/2020\\\/09\\\/2019_al_logo_BK_300px.png\",\"contentUrl\":\"https:\\\/\\\/adellink.de\\\/wp-content\\\/uploads\\\/2020\\\/09\\\/2019_al_logo_BK_300px.png\",\"width\":1251,\"height\":376,\"caption\":\"Adel&Link Public Relations\"},\"image\":{\"@id\":\"https:\\\/\\\/adellink.de\\\/en\\\/#\\\/schema\\\/logo\\\/image\\\/\"},\"sameAs\":[\"https:\\\/\\\/www.facebook.com\\\/adellinkpr\\\/\",\"https:\\\/\\\/x.com\\\/adellinkpr\",\"https:\\\/\\\/www.instagram.com\\\/adellinkpr\\\/?hl=de\",\"https:\\\/\\\/www.linkedin.com\\\/company\\\/adel-&amp;-link-public-relations\\\/?originalSubdomain=de\"]},{\"@type\":\"Person\",\"@id\":\"https:\\\/\\\/adellink.de\\\/en\\\/#\\\/schema\\\/person\\\/47c0224bd634dbdeed46f4b0df21c2c7\",\"name\":\"TEAM\",\"image\":{\"@type\":\"ImageObject\",\"inLanguage\":\"en-US\",\"@id\":\"https:\\\/\\\/secure.gravatar.com\\\/avatar\\\/c8732322cf4ab0a0490c34da7c1fad53076f9a8e7b1ee6e252b429bdaca587b7?s=96&d=mm&r=g\",\"url\":\"https:\\\/\\\/secure.gravatar.com\\\/avatar\\\/c8732322cf4ab0a0490c34da7c1fad53076f9a8e7b1ee6e252b429bdaca587b7?s=96&d=mm&r=g\",\"contentUrl\":\"https:\\\/\\\/secure.gravatar.com\\\/avatar\\\/c8732322cf4ab0a0490c34da7c1fad53076f9a8e7b1ee6e252b429bdaca587b7?s=96&d=mm&r=g\",\"caption\":\"TEAM\"},\"url\":\"https:\\\/\\\/adellink.de\\\/en\\\/author\\\/team\\\/\"}]}<\/script>\n<!-- \/ Yoast SEO plugin. -->","yoast_head_json":{"title":"Frauen in der PR: Gemeinsam mehr bewegen | Adel &amp; Link Public Relations","robots":{"index":"index","follow":"follow","max-snippet":"max-snippet:-1","max-image-preview":"max-image-preview:large","max-video-preview":"max-video-preview:-1"},"canonical":"https:\/\/adellink.de\/frauen-in-der-pr-gemeinsam-mehr-bewegen\/","og_locale":"en_US","og_type":"article","og_title":"Frauen in der PR: Gemeinsam mehr bewegen | Adel &amp; Link Public Relations","og_url":"https:\/\/adellink.de\/frauen-in-der-pr-gemeinsam-mehr-bewegen\/","og_site_name":"Adel &amp; Link Public Relations","article_publisher":"https:\/\/www.facebook.com\/adellinkpr\/","article_published_time":"2026-04-29T07:46:08+00:00","article_modified_time":"2026-04-29T08:58:39+00:00","og_image":[{"width":1024,"height":580,"url":"https:\/\/adellink.de\/wp-content\/uploads\/2026\/04\/AL-Blog-Header-Image-1024x580.jpg","type":"image\/jpeg"}],"author":"TEAM","twitter_card":"summary_large_image","twitter_creator":"@adellinkpr","twitter_site":"@adellinkpr","twitter_misc":{"Written by":"TEAM","Est. reading time":"7 minutes"},"schema":{"@context":"https:\/\/schema.org","@graph":[{"@type":"Article","@id":"https:\/\/adellink.de\/frauen-in-der-pr-gemeinsam-mehr-bewegen\/#article","isPartOf":{"@id":"https:\/\/adellink.de\/frauen-in-der-pr-gemeinsam-mehr-bewegen\/"},"author":{"name":"TEAM","@id":"https:\/\/adellink.de\/en\/#\/schema\/person\/47c0224bd634dbdeed46f4b0df21c2c7"},"headline":"Frauen in der PR: Gemeinsam mehr bewegen","datePublished":"2026-04-29T07:46:08+00:00","dateModified":"2026-04-29T08:58:39+00:00","mainEntityOfPage":{"@id":"https:\/\/adellink.de\/frauen-in-der-pr-gemeinsam-mehr-bewegen\/"},"wordCount":1042,"publisher":{"@id":"https:\/\/adellink.de\/en\/#organization"},"image":{"@id":"https:\/\/adellink.de\/frauen-in-der-pr-gemeinsam-mehr-bewegen\/#primaryimage"},"thumbnailUrl":"https:\/\/adellink.de\/wp-content\/uploads\/2026\/04\/AL-Blog-Header-Image.jpg","keywords":["Agentur","Frauen","GWPR","Haltung","Netzwerk","Work-Life-Balance"],"articleSection":["Agencylife","Allgemein","Arbeiten bei Adel &amp; Link","Blog"],"inLanguage":"en-US"},{"@type":"WebPage","@id":"https:\/\/adellink.de\/frauen-in-der-pr-gemeinsam-mehr-bewegen\/","url":"https:\/\/adellink.de\/frauen-in-der-pr-gemeinsam-mehr-bewegen\/","name":"Frauen in der PR: Gemeinsam mehr bewegen | Adel &amp; Link Public Relations","isPartOf":{"@id":"https:\/\/adellink.de\/en\/#website"},"primaryImageOfPage":{"@id":"https:\/\/adellink.de\/frauen-in-der-pr-gemeinsam-mehr-bewegen\/#primaryimage"},"image":{"@id":"https:\/\/adellink.de\/frauen-in-der-pr-gemeinsam-mehr-bewegen\/#primaryimage"},"thumbnailUrl":"https:\/\/adellink.de\/wp-content\/uploads\/2026\/04\/AL-Blog-Header-Image.jpg","datePublished":"2026-04-29T07:46:08+00:00","dateModified":"2026-04-29T08:58:39+00:00","description":"Ein Gespr\u00e4ch mit Maren Schneider und Olivia Dudek \u00fcber Frauen in F\u00fchrungspositionen, das GWPR-Netzwerk und ihre Tipps, wie Netzwerken gelingt.","breadcrumb":{"@id":"https:\/\/adellink.de\/frauen-in-der-pr-gemeinsam-mehr-bewegen\/#breadcrumb"},"inLanguage":"en-US","potentialAction":[{"@type":"ReadAction","target":["https:\/\/adellink.de\/frauen-in-der-pr-gemeinsam-mehr-bewegen\/"]}]},{"@type":"ImageObject","inLanguage":"en-US","@id":"https:\/\/adellink.de\/frauen-in-der-pr-gemeinsam-mehr-bewegen\/#primaryimage","url":"https:\/\/adellink.de\/wp-content\/uploads\/2026\/04\/AL-Blog-Header-Image.jpg","contentUrl":"https:\/\/adellink.de\/wp-content\/uploads\/2026\/04\/AL-Blog-Header-Image.jpg","width":10667,"height":6042,"caption":"Fotocollage mit Portr\u00e4fotos von Maren Schneider und Olivia Dudek, umgeben von Illustrationen wie bunten Kreisen, Pflanzenanmutungen, Gl\u00fchbirne und Megaphon."},{"@type":"BreadcrumbList","@id":"https:\/\/adellink.de\/frauen-in-der-pr-gemeinsam-mehr-bewegen\/#breadcrumb","itemListElement":[{"@type":"ListItem","position":1,"name":"Startseite","item":"https:\/\/adellink.de\/"},{"@type":"ListItem","position":2,"name":"Frauen in der PR: Gemeinsam mehr bewegen"}]},{"@type":"WebSite","@id":"https:\/\/adellink.de\/en\/#website","url":"https:\/\/adellink.de\/en\/","name":"Adel & Link Public Relations","description":"","publisher":{"@id":"https:\/\/adellink.de\/en\/#organization"},"potentialAction":[{"@type":"SearchAction","target":{"@type":"EntryPoint","urlTemplate":"https:\/\/adellink.de\/en\/?s={search_term_string}"},"query-input":{"@type":"PropertyValueSpecification","valueRequired":true,"valueName":"search_term_string"}}],"inLanguage":"en-US"},{"@type":"Organization","@id":"https:\/\/adellink.de\/en\/#organization","name":"Adel&Link Public Relations","url":"https:\/\/adellink.de\/en\/","logo":{"@type":"ImageObject","inLanguage":"en-US","@id":"https:\/\/adellink.de\/en\/#\/schema\/logo\/image\/","url":"https:\/\/adellink.de\/wp-content\/uploads\/2020\/09\/2019_al_logo_BK_300px.png","contentUrl":"https:\/\/adellink.de\/wp-content\/uploads\/2020\/09\/2019_al_logo_BK_300px.png","width":1251,"height":376,"caption":"Adel&Link Public Relations"},"image":{"@id":"https:\/\/adellink.de\/en\/#\/schema\/logo\/image\/"},"sameAs":["https:\/\/www.facebook.com\/adellinkpr\/","https:\/\/x.com\/adellinkpr","https:\/\/www.instagram.com\/adellinkpr\/?hl=de","https:\/\/www.linkedin.com\/company\/adel-&amp;-link-public-relations\/?originalSubdomain=de"]},{"@type":"Person","@id":"https:\/\/adellink.de\/en\/#\/schema\/person\/47c0224bd634dbdeed46f4b0df21c2c7","name":"TEAM","image":{"@type":"ImageObject","inLanguage":"en-US","@id":"https:\/\/secure.gravatar.com\/avatar\/c8732322cf4ab0a0490c34da7c1fad53076f9a8e7b1ee6e252b429bdaca587b7?s=96&d=mm&r=g","url":"https:\/\/secure.gravatar.com\/avatar\/c8732322cf4ab0a0490c34da7c1fad53076f9a8e7b1ee6e252b429bdaca587b7?s=96&d=mm&r=g","contentUrl":"https:\/\/secure.gravatar.com\/avatar\/c8732322cf4ab0a0490c34da7c1fad53076f9a8e7b1ee6e252b429bdaca587b7?s=96&d=mm&r=g","caption":"TEAM"},"url":"https:\/\/adellink.de\/en\/author\/team\/"}]}},"_links":{"self":[{"href":"https:\/\/adellink.de\/en\/wp-json\/wp\/v2\/posts\/9073","targetHints":{"allow":["GET"]}}],"collection":[{"href":"https:\/\/adellink.de\/en\/wp-json\/wp\/v2\/posts"}],"about":[{"href":"https:\/\/adellink.de\/en\/wp-json\/wp\/v2\/types\/post"}],"author":[{"embeddable":true,"href":"https:\/\/adellink.de\/en\/wp-json\/wp\/v2\/users\/4"}],"replies":[{"embeddable":true,"href":"https:\/\/adellink.de\/en\/wp-json\/wp\/v2\/comments?post=9073"}],"version-history":[{"count":10,"href":"https:\/\/adellink.de\/en\/wp-json\/wp\/v2\/posts\/9073\/revisions"}],"predecessor-version":[{"id":9088,"href":"https:\/\/adellink.de\/en\/wp-json\/wp\/v2\/posts\/9073\/revisions\/9088"}],"wp:featuredmedia":[{"embeddable":true,"href":"https:\/\/adellink.de\/en\/wp-json\/wp\/v2\/media\/9074"}],"wp:attachment":[{"href":"https:\/\/adellink.de\/en\/wp-json\/wp\/v2\/media?parent=9073"}],"wp:term":[{"taxonomy":"category","embeddable":true,"href":"https:\/\/adellink.de\/en\/wp-json\/wp\/v2\/categories?post=9073"},{"taxonomy":"post_tag","embeddable":true,"href":"https:\/\/adellink.de\/en\/wp-json\/wp\/v2\/tags?post=9073"}],"curies":[{"name":"wp","href":"https:\/\/api.w.org\/{rel}","templated":true}]}}